{"id":86660,"date":"2019-02-07T06:25:27","date_gmt":"2019-02-07T09:25:27","guid":{"rendered":"http:\/\/argentinamunicipal.com.ar\/argentina\/?p=86660"},"modified":"2019-02-07T06:25:27","modified_gmt":"2019-02-07T09:25:27","slug":"descontrol-sin-respuesta-oficial","status":"publish","type":"post","link":"http:\/\/argentinamunicipal.com.ar\/argentina\/descontrol-sin-respuesta-oficial\/","title":{"rendered":"Descontrol sin respuesta oficial"},"content":{"rendered":"<p>Aunque el Gobierno hab\u00eda proyectado apenas una continuidad transitoria, el programa termin\u00f3 siendo casi la \u00fanica herramienta de regulaci\u00f3n a nivel minorista. Las entidades de consumidores se\u00f1alan que ya perdi\u00f3 toda eficacia.<\/p>\n<p>La inercia heredada de 2018 junto a la inflaci\u00f3n que todav\u00eda est\u00e1 reprimida y la oleada de tarifazos hacen que el avance general esperado de los precios este a\u00f1o sea superior al 30 por ciento. Con tasas de inter\u00e9s reales muy positivas y su pol\u00edtica tarifaria, el Gobierno sigue fogoneando a los precios y s\u00f3lo la recesi\u00f3n imprime alg\u00fan tipo de resistencia. En ese contexto, el gobierno mantiene en Precios Cuidados, una de las pocas herramientas de regulaci\u00f3n estatal sobre los precios que componen la canasta b\u00e1sica de consumo, una actitud ambigua. Despu\u00e9s de amagar con la finalizaci\u00f3n del programa alegando un excesivo intervencionismo, ahora el Gobierno apel\u00f3 a un parcial fortalecimiento con la incorporaci\u00f3n de mayoristas. El discurso oficial tambi\u00e9n habla de un aumento en los controles en las g\u00f3ndolas, aunque las entidades de consumidores contin\u00faan advirtiendo que la presencia del programa es muy baja y que se desmantel\u00f3 con despidos masivos el \u00e1rea de gesti\u00f3n y fiscalizaci\u00f3n. Adem\u00e1s, se observa en la canasta de bienes del programa una sub-representaci\u00f3n de los art\u00edculos esenciales del hogar en relaci\u00f3n al consumo promedio.<\/p>\n<p>La etapa vigente de Precios Cuidados se inaugur\u00f3 a comienzos de enero y rige hasta el 6 de mayo. Cuenta con 566 productos en supermercados y 221 en mayoristas. Los productos tuvieron una suba promedio del 4,4 por ciento con respecto a la etapa previa. A lo largo de 2016 y 2017 el Gobierno dej\u00f3 entrever que la continuidad de Precios Cuidados era algo transitorio, pr\u00e1cticamente dejaron de haber controles y la presencia del programa se redujo notablemente. Adem\u00e1s, las \u00e1reas de la Secretar\u00eda de Comercio abocadas a la gesti\u00f3n, fiscalizaci\u00f3n y aplicaci\u00f3n de multas del programa fueron de las m\u00e1s castigadas por los despidos en el Estado.<\/p>\n<p>Con el estallido de la crisis inflacionario el Gobierno prest\u00f3 mayor inter\u00e9s a Precios Cuidados. \u201cHubo cierto fortalecimiento con la incorporaci\u00f3n de empresas del canal mayorista, si bien ese segmento sigue siendo limitado, con s\u00f3lo 73 bocas de expendio. El ingreso de mayoristas retoma la idea originaria del Programa que apuntaba a \u00b4ir hacia atr\u00e1s en la cadena de comercializaci\u00f3n\u00b4. Parad\u00f3jica mente, ese tipo de acuerdos fue lo primero que elimin\u00f3 Cambiemos\u201d, apuntan Herman Lechera y Federico Godos, investigadores del CEPA. Por otro lado, desde la Direcci\u00f3n de Defensa del Consumidor indicaron a este diario que \u201cse realizaron 3000 operativos de relevamiento donde se relev\u00f3 que un 70 por ciento de los establecimientos ten\u00edan disponibilidad de los productos. De los que no ten\u00edan disponibilidad, est\u00e1n en proceso 41 actas\u201d. El CEPA plante\u00f3 que \u201cdesde finales de 2018 hay mayor se\u00f1alizaci\u00f3n en las g\u00f3ndolas\u201d.<\/p>\n<p>Fuentes del supermercados consultadas por este diario indicaron que \u201cest\u00e1n habiendo m\u00e1s inspecciones, de parte del Gobierno y de universidades en convenio con el Gobierno. Pero los controles est\u00e1n concentrados en distritos metropolitanos, o sea, son muy sesgados. Y casi no hay multas, son actas de advertencia\u201d. H\u00e9ctor Pollino, de Consumidores Libres, explic\u00f3 a este diario que \u201ccon esta ultima renovaci\u00f3n desde el Gobierno se comprometieron a ejercer un mayor control sobre el programa. Nosotros creemos que mejor\u00f3 un poco pero siguen faltando muchos productos en las g\u00f3ndolas. El programa requiere de m\u00e1s sanciones a los in cumplidores\u201d.<\/p>\n<p>Para Ovalado Basando, titular de la entidad Aduce, \u201cPC est\u00e1 en contados supermercados. Ahora aparecieron un poco m\u00e1s, en Coto y Jumbo se ven un poco m\u00e1s, generalmente los d\u00edas en que los supermercados no venden a nadie\u201d. Claudio Boada, director de Usuarios y Consumidores, considera que \u201cPrecios Cuidados sigue en extinci\u00f3n, hay falta de productos y los supermercados prior izan su propia\u201d. Lechera y Godos, del CEPA, detectaron que \u201cla proporci\u00f3n de alimentos y bebidas en Precios Cuidados representa el 63 por ciento, mientras que en la canasta del \u00edndice de precios al consumidor (PICA) del \u00cdndex tiene un peso del 85 por ciento, lo cual implica un sub-representaci\u00f3n\u201d. En 2018, el rubro del IPC alimentos y bebidas tuvo un aumento del 51,2 por ciento, por encima del promedio de inflaci\u00f3n de la econom\u00eda del 47,6 por ciento.<\/p>\n<h6>Fuente: P\u00e1gina 12<\/h6>\n","protected":false},"excerpt":{"rendered":"<p>Aunque el Gobierno hab\u00eda proyectado apenas una continuidad transitoria, el programa termin\u00f3 siendo casi la \u00fanica herramienta de regulaci\u00f3n a nivel minorista. Las entidades de consumidores se\u00f1alan que ya perdi\u00f3 toda eficacia.<\/p>\n","protected":false},"author":2,"featured_media":86661,"comment_status":"closed","ping_status":"closed","sticky":false,"template":"","format":"standard","meta":{"footnotes":""},"categories":[8],"tags":[21],"class_list":["post-86660","post","type-post","status-publish","format-standard","has-post-thumbnail","hentry","category-informe-nacional","tag-argentina"],"_links":{"self":[{"href":"http:\/\/argentinamunicipal.com.ar\/argentina\/wp-json\/wp\/v2\/posts\/86660","targetHints":{"allow":["GET"]}}],"collection":[{"href":"http:\/\/argentinamunicipal.com.ar\/argentina\/wp-json\/wp\/v2\/posts"}],"about":[{"href":"http:\/\/argentinamunicipal.com.ar\/argentina\/wp-json\/wp\/v2\/types\/post"}],"author":[{"embeddable":true,"href":"http:\/\/argentinamunicipal.com.ar\/argentina\/wp-json\/wp\/v2\/users\/2"}],"replies":[{"embeddable":true,"href":"http:\/\/argentinamunicipal.com.ar\/argentina\/wp-json\/wp\/v2\/comments?post=86660"}],"version-history":[{"count":0,"href":"http:\/\/argentinamunicipal.com.ar\/argentina\/wp-json\/wp\/v2\/posts\/86660\/revisions"}],"wp:featuredmedia":[{"embeddable":true,"href":"http:\/\/argentinamunicipal.com.ar\/argentina\/wp-json\/wp\/v2\/media\/86661"}],"wp:attachment":[{"href":"http:\/\/argentinamunicipal.com.ar\/argentina\/wp-json\/wp\/v2\/media?parent=86660"}],"wp:term":[{"taxonomy":"category","embeddable":true,"href":"http:\/\/argentinamunicipal.com.ar\/argentina\/wp-json\/wp\/v2\/categories?post=86660"},{"taxonomy":"post_tag","embeddable":true,"href":"http:\/\/argentinamunicipal.com.ar\/argentina\/wp-json\/wp\/v2\/tags?post=86660"}],"curies":[{"name":"wp","href":"https:\/\/api.w.org\/{rel}","templated":true}]}}