{"id":86672,"date":"2019-02-07T06:39:48","date_gmt":"2019-02-07T09:39:48","guid":{"rendered":"http:\/\/argentinamunicipal.com.ar\/argentina\/?p=86672"},"modified":"2019-02-07T06:39:48","modified_gmt":"2019-02-07T09:39:48","slug":"segun-magario-el-candidato-para-la-gobernacion-del-peronismo-lo-elegiran-los-intendentes","status":"publish","type":"post","link":"http:\/\/argentinamunicipal.com.ar\/argentina\/segun-magario-el-candidato-para-la-gobernacion-del-peronismo-lo-elegiran-los-intendentes\/","title":{"rendered":"Seg\u00fan Magario, el candidato para la Gobernaci\u00f3n del peronismo lo \u201celegir\u00e1n los intendentes\u201d"},"content":{"rendered":"<p>La jefa comunal de La Matanza y posicionada como competidora por el Sill\u00f3n de Dardo Rocha, dijo que ser\u00e1n los alcaldes quienes elijan al candidato. Adem\u00e1s anunci\u00f3 que \u201cuna lista \u00fanica de unidad\u201d.<\/p>\n<p>La intendenta de La Matanza,\u00a0Ver\u00f3nica Magario, habl\u00f3 sobre el armado del peronismo de cara a las elecciones. En medio de las especulaciones y los nombres que suenan (Mart\u00edn Insaurralde,\u00a0Axel Kicillof, entre otros) para competir por la Gobernaci\u00f3n bonaerense, anunci\u00f3:\u00a0\u201cEl candidato lo vamos a definir entre los intendentes y va a haber una lista \u00fanica de unidad\u00bb.<\/p>\n<p>\u00abEsta unidad nos va a llevar a ganar a todos\u201d, asegur\u00f3 en declaraciones a\u00a0\u00a0El Destape Radio.<\/p>\n<p>En ese sentido,\u00a0Magario\u00a0remarc\u00f3: \u201cEl \u00fanico l\u00edmite tiene que ser ganarle a Macri y a Vidal, tenemos que lograr la unidad lo m\u00e1s amplia posible\u00bb. Y agreg\u00f3: \u00abTodos tenemos que apostar a construir un gran frente, la gente pide eso, creo en la unidad\u00bb.<\/p>\n<h6>Fuente: InfoCielo<\/h6>\n","protected":false},"excerpt":{"rendered":"<p>La jefa comunal de La Matanza y posicionada como competidora por el Sill\u00f3n de Dardo Rocha, dijo que ser\u00e1n los alcaldes quienes elijan al candidato. Adem\u00e1s anunci\u00f3 que \u201cuna lista \u00fanica de unidad\u201d.<\/p>\n","protected":false},"author":2,"featured_media":86673,"comment_status":"closed","ping_status":"closed","sticky":false,"template":"","format":"standard","meta":{"footnotes":""},"categories":[4],"tags":[12],"class_list":["post-86672","post","type-post","status-publish","format-standard","has-post-thumbnail","hentry","category-informe-politico","tag-buenos-aires"],"_links":{"self":[{"href":"http:\/\/argentinamunicipal.com.ar\/argentina\/wp-json\/wp\/v2\/posts\/86672","targetHints":{"allow":["GET"]}}],"collection":[{"href":"http:\/\/argentinamunicipal.com.ar\/argentina\/wp-json\/wp\/v2\/posts"}],"about":[{"href":"http:\/\/argentinamunicipal.com.ar\/argentina\/wp-json\/wp\/v2\/types\/post"}],"author":[{"embeddable":true,"href":"http:\/\/argentinamunicipal.com.ar\/argentina\/wp-json\/wp\/v2\/users\/2"}],"replies":[{"embeddable":true,"href":"http:\/\/argentinamunicipal.com.ar\/argentina\/wp-json\/wp\/v2\/comments?post=86672"}],"version-history":[{"count":0,"href":"http:\/\/argentinamunicipal.com.ar\/argentina\/wp-json\/wp\/v2\/posts\/86672\/revisions"}],"wp:featuredmedia":[{"embeddable":true,"href":"http:\/\/argentinamunicipal.com.ar\/argentina\/wp-json\/wp\/v2\/media\/86673"}],"wp:attachment":[{"href":"http:\/\/argentinamunicipal.com.ar\/argentina\/wp-json\/wp\/v2\/media?parent=86672"}],"wp:term":[{"taxonomy":"category","embeddable":true,"href":"http:\/\/argentinamunicipal.com.ar\/argentina\/wp-json\/wp\/v2\/categories?post=86672"},{"taxonomy":"post_tag","embeddable":true,"href":"http:\/\/argentinamunicipal.com.ar\/argentina\/wp-json\/wp\/v2\/tags?post=86672"}],"curies":[{"name":"wp","href":"https:\/\/api.w.org\/{rel}","templated":true}]}}