{"id":86675,"date":"2019-02-07T06:50:04","date_gmt":"2019-02-07T09:50:04","guid":{"rendered":"http:\/\/argentinamunicipal.com.ar\/argentina\/?p=86675"},"modified":"2019-02-07T06:50:04","modified_gmt":"2019-02-07T09:50:04","slug":"el-gobierno-se-lanza-de-nuevo-contra-las-pensiones-por-discapacidad","status":"publish","type":"post","link":"http:\/\/argentinamunicipal.com.ar\/argentina\/el-gobierno-se-lanza-de-nuevo-contra-las-pensiones-por-discapacidad\/","title":{"rendered":"El Gobierno se lanza de nuevo contra las pensiones por discapacidad"},"content":{"rendered":"<p>El oficialismo quiere revisar todas las pensiones que se encuentran en vigencia. Exigir\u00e1n, entre otras cosas, la renovaci\u00f3n de los certificados m\u00e9dicos.<\/p>\n<p>Una vez m\u00e1s, la administraci\u00f3n macrista intentar\u00e1\u00a0recortar pensiones por discapacidad, una de las obsesiones de la gesti\u00f3n de Cambiemos en estos m\u00e1s de tres a\u00f1os que lleva en el poder.<\/p>\n<p>Seg\u00fan adelant\u00f3 el diario Clar\u00edn, se publicar\u00e1 una resoluci\u00f3n en el Bolet\u00edn Oficial con el objetivo de exigir a los beneficiarios que\u00a0vuelvan a demostrar que la pensi\u00f3n les corresponde.<\/p>\n<p>En 2016 el\u00a0gobierno reflot\u00f3 una resoluci\u00f3n del a\u00f1o 1997 que restringesignificativamente el otorgamiento de estos derechos, y a partir de all\u00ed comenz\u00f3 a arrebatarlos a miles de personas que ven\u00edan cobrando regularmente.<\/p>\n<p>Seg\u00fan aquella\u00a0normativa dictada durante el gobierno de Menem, para poder cobrar este tipo de beneficios\u00a0se debe \u00abposeer una incapacidad laboral total y permanente del 76%, no estar amparado por un r\u00e9gimen previsional u otra prestaci\u00f3n no contributiva; o no contar -el beneficiario o su grupo familiar- con ingresos o recursos\u00bb.<\/p>\n<p>De acuerdo a lo que se detalla en la nota de Clar\u00edn,\u00a0durante el primer a\u00f1o\u00a0se convocar\u00e1 a unas 120 mil personas\u00a0para actualizar datos con el fin de revalidar las pensiones.<\/p>\n<p>Los beneficiarios por la pensi\u00f3n por invalidez en febrero cobraron\u00a0$6.516,37\u00a0y desde marzo recibir\u00e1n la cuantiosa suma de\u00a0$7.287,25.<\/p>\n<h6>Fuente: InfoNews<\/h6>\n","protected":false},"excerpt":{"rendered":"<p>El oficialismo quiere revisar todas las pensiones que se encuentran en vigencia. Exigir\u00e1n, entre otras cosas, la renovaci\u00f3n de los certificados m\u00e9dicos.<\/p>\n","protected":false},"author":2,"featured_media":86676,"comment_status":"closed","ping_status":"closed","sticky":false,"template":"","format":"standard","meta":{"footnotes":""},"categories":[8],"tags":[21],"class_list":["post-86675","post","type-post","status-publish","format-standard","has-post-thumbnail","hentry","category-informe-nacional","tag-argentina"],"_links":{"self":[{"href":"http:\/\/argentinamunicipal.com.ar\/argentina\/wp-json\/wp\/v2\/posts\/86675","targetHints":{"allow":["GET"]}}],"collection":[{"href":"http:\/\/argentinamunicipal.com.ar\/argentina\/wp-json\/wp\/v2\/posts"}],"about":[{"href":"http:\/\/argentinamunicipal.com.ar\/argentina\/wp-json\/wp\/v2\/types\/post"}],"author":[{"embeddable":true,"href":"http:\/\/argentinamunicipal.com.ar\/argentina\/wp-json\/wp\/v2\/users\/2"}],"replies":[{"embeddable":true,"href":"http:\/\/argentinamunicipal.com.ar\/argentina\/wp-json\/wp\/v2\/comments?post=86675"}],"version-history":[{"count":0,"href":"http:\/\/argentinamunicipal.com.ar\/argentina\/wp-json\/wp\/v2\/posts\/86675\/revisions"}],"wp:featuredmedia":[{"embeddable":true,"href":"http:\/\/argentinamunicipal.com.ar\/argentina\/wp-json\/wp\/v2\/media\/86676"}],"wp:attachment":[{"href":"http:\/\/argentinamunicipal.com.ar\/argentina\/wp-json\/wp\/v2\/media?parent=86675"}],"wp:term":[{"taxonomy":"category","embeddable":true,"href":"http:\/\/argentinamunicipal.com.ar\/argentina\/wp-json\/wp\/v2\/categories?post=86675"},{"taxonomy":"post_tag","embeddable":true,"href":"http:\/\/argentinamunicipal.com.ar\/argentina\/wp-json\/wp\/v2\/tags?post=86675"}],"curies":[{"name":"wp","href":"https:\/\/api.w.org\/{rel}","templated":true}]}}