{"id":86678,"date":"2019-02-07T06:54:40","date_gmt":"2019-02-07T09:54:40","guid":{"rendered":"http:\/\/argentinamunicipal.com.ar\/argentina\/?p=86678"},"modified":"2019-02-07T06:54:40","modified_gmt":"2019-02-07T09:54:40","slug":"tras-la-promesa-de-luz-gratis-ahora-un-ex-ministro-de-macri-dijo-que-la-energia-no-es-un-derecho-humano","status":"publish","type":"post","link":"http:\/\/argentinamunicipal.com.ar\/argentina\/tras-la-promesa-de-luz-gratis-ahora-un-ex-ministro-de-macri-dijo-que-la-energia-no-es-un-derecho-humano\/","title":{"rendered":"Tras la promesa de luz gratis, ahora un ex ministro de Macri dijo que la energ\u00eda \u201cno es un derecho humano\u201d"},"content":{"rendered":"<p>Mientras miles de usuarios padecieron la falta del servicio en medio de la ola de calor y los tarifazos se profundizan, Juan Jos\u00e9 Aranguren habl\u00f3 sobre la prestaci\u00f3n de electricidad en el pa\u00eds.<\/p>\n<p>El ex ministro de Energ\u00eda y Miner\u00eda de la Naci\u00f3n, Juan Jos\u00e9 Aranguren, realiz\u00f3 declaraciones en las cuales cuestion\u00f3 el acceso universal a la electricidad. Las declaraciones fueron\u00a0d\u00edas despu\u00e9s que miles de usuarios soportaran cortes de luz en medio de la ola de calor que azot\u00f3 al Gran Buenos Aires\u00a0y Capital Federal.\u00a0El hombre que fue presidente de Shell y cuestionado durante su gesti\u00f3n presentar conflicto de intereses, gener\u00f3 fuerte malestar mientras se prepara un nuevo tarifazo en el servicio.<\/p>\n<p>El ex funcionario que prometi\u00f3 que si Macri ganaba las elecciones habr\u00eda luz gratis para los sectores m\u00e1s vulnerados, ahora afirm\u00f3 que \u201cayer un candidato a presidente dijo que la energ\u00eda es un derecho humano. No estoy de acuerdo\u00bb.<\/p>\n<p>En di\u00e1logo con LN+, consider\u00f3 que \u201ca veces a los argentinos nos gusta la frase &#8216;mentime que me gusta&#8217;. Hemos vivido con una realidad de que el servicio energ\u00e9tico es gratuito\u00bb, y a\u00f1adi\u00f3 que \u00abel mayor derecho humano que se le puede dar a una persona es la posibilidad de tener trabajo\u00bb.<\/p>\n<p>\u00abTenemos que tener en cuenta que en el a\u00f1o 2015, todos los argentinos subvencionamos a Edenor y a Edesur para pagar sueldos, no para mejorar la calidad del servicios. Pag\u00e1bamos el 10% de lo que costaba la energ\u00eda el\u00e9ctrica\u00bb, expres\u00f3 y dio que \u201cahora hay inversi\u00f3n genuina.\u00a0El tiempo en que se transforme en calidad de servicio es lo que ahora estamos esperando\u00bb.<\/p>\n<p>Mientras se desarrollaba la campa\u00f1a presidencial en octubre de 2015, Cambiemos a trav\u00e9s de Aranguren hab\u00eda prometido que si Mauricio Macri se convert\u00eda en presidente habr\u00eda \u00abluz gratis para hogares pobres\u00bb.<\/p>\n<p>\u00abPensamos que las familias carenciadas que lo necesiten van a tener un block de consumo de 150 kilowatts por hora por mes que va a ser gratuito\u00bb, propuso y explic\u00f3:. \u00abEn otros t\u00e9rminos: que los sectores m\u00e1s necesitados no pagar\u00edan por esa porci\u00f3n de la electricidad que consuman\u00bb.<\/p>\n<h6>Fuente: InfoCielo<\/h6>\n","protected":false},"excerpt":{"rendered":"<p>Mientras miles de usuarios padecieron la falta del servicio en medio de la ola de calor y los tarifazos se profundizan, Juan Jos\u00e9 Aranguren habl\u00f3 sobre la prestaci\u00f3n de electricidad en el pa\u00eds.<\/p>\n","protected":false},"author":2,"featured_media":86679,"comment_status":"closed","ping_status":"closed","sticky":false,"template":"","format":"standard","meta":{"footnotes":""},"categories":[8],"tags":[21],"class_list":["post-86678","post","type-post","status-publish","format-standard","has-post-thumbnail","hentry","category-informe-nacional","tag-argentina"],"_links":{"self":[{"href":"http:\/\/argentinamunicipal.com.ar\/argentina\/wp-json\/wp\/v2\/posts\/86678","targetHints":{"allow":["GET"]}}],"collection":[{"href":"http:\/\/argentinamunicipal.com.ar\/argentina\/wp-json\/wp\/v2\/posts"}],"about":[{"href":"http:\/\/argentinamunicipal.com.ar\/argentina\/wp-json\/wp\/v2\/types\/post"}],"author":[{"embeddable":true,"href":"http:\/\/argentinamunicipal.com.ar\/argentina\/wp-json\/wp\/v2\/users\/2"}],"replies":[{"embeddable":true,"href":"http:\/\/argentinamunicipal.com.ar\/argentina\/wp-json\/wp\/v2\/comments?post=86678"}],"version-history":[{"count":0,"href":"http:\/\/argentinamunicipal.com.ar\/argentina\/wp-json\/wp\/v2\/posts\/86678\/revisions"}],"wp:featuredmedia":[{"embeddable":true,"href":"http:\/\/argentinamunicipal.com.ar\/argentina\/wp-json\/wp\/v2\/media\/86679"}],"wp:attachment":[{"href":"http:\/\/argentinamunicipal.com.ar\/argentina\/wp-json\/wp\/v2\/media?parent=86678"}],"wp:term":[{"taxonomy":"category","embeddable":true,"href":"http:\/\/argentinamunicipal.com.ar\/argentina\/wp-json\/wp\/v2\/categories?post=86678"},{"taxonomy":"post_tag","embeddable":true,"href":"http:\/\/argentinamunicipal.com.ar\/argentina\/wp-json\/wp\/v2\/tags?post=86678"}],"curies":[{"name":"wp","href":"https:\/\/api.w.org\/{rel}","templated":true}]}}