{"id":86681,"date":"2019-02-07T06:57:33","date_gmt":"2019-02-07T09:57:33","guid":{"rendered":"http:\/\/argentinamunicipal.com.ar\/argentina\/?p=86681"},"modified":"2019-02-07T06:57:33","modified_gmt":"2019-02-07T09:57:33","slug":"pese-al-turismo-las-ventas-minoristas-en-la-provincia-de-cordoba-cayeron-115-por-ciento-en-enero","status":"publish","type":"post","link":"http:\/\/argentinamunicipal.com.ar\/argentina\/pese-al-turismo-las-ventas-minoristas-en-la-provincia-de-cordoba-cayeron-115-por-ciento-en-enero\/","title":{"rendered":"Pese al turismo, las ventas minoristas en la provincia de C\u00f3rdoba cayeron 11,5 por ciento en enero"},"content":{"rendered":"<p>Las ventas minoristas de los comercios pymes de la provincia de C\u00f3rdoba finalizaron el mes de enero con una ca\u00edda del 11,5% frente a igual mes del a\u00f1o anterior, de acuerdo con los datos relevados por la Federaci\u00f3n Comercial de C\u00f3rdoba (Fedecom), y sus C\u00e1maras y Centros Comerciales adheridos.<\/p>\n<p>En aquel per\u00edodo (enero de 2018) el desempe\u00f1o comercial hab\u00eda sido positivo, mostrando un aumento de 1,7% respecto a enero de 2017.<\/p>\n<p>En esta oportunidad y aun con el movimiento tur\u00edstico que ya es caracter\u00edstico en la provincia, las ventas mantuvieron la tendencia negativa de los \u00faltimos meses.<\/p>\n<p>\u201cPese a que distintos informes indican que el turismo interno se ha visto favorecido por la devaluaci\u00f3n y la mayor cantidad de gente que decide viajar por el pa\u00eds, las ventas no se han visto favorecidas. Las familias se mantienen cautas y el gasto es acotado\u201d, reflexion\u00f3 Ezequiel Cerezo, vicepresidente de Fedecom.<\/p>\n<p>En el mismo sentido, destac\u00f3 la numerosa presencia de gente en los distintos festivales que se llevan a cabo en distintas localidades. \u201cJes\u00fas Mar\u00eda, Cosqu\u00edn, Alta Gracia e incluso Villa Mar\u00eda ahora para el prefestival de Pe\u00f1as, est\u00e1n recibiendo mucha gente, pero todos se mantienen ajustados con respecto al gasto\u201d, agreg\u00f3.<\/p>\n<p>Con el dato del mes de enero, se acumula el und\u00e9cimo mes de ca\u00edda consecutiva en las ventas minoristas: se recordar\u00e1 que en diciembre pasado la ca\u00edda fue del 7,4%, noviembre 12,1%, octubre 8,6%, septiembre 8,3%, agosto del 5,2%, julio 2,8%, junio 2,9%, mayo 1,7%, abril 1,1% interanual, y en marzo del 0,4%.<\/p>\n<p>De acuerdo con el relevamiento, la retracci\u00f3n se siente con especial intensidad en las localidades de Villa Mar\u00eda, C\u00f3rdoba capital, R\u00edo Cuarto, R\u00edo Tercero, Arroyito, Las Varillas y finalmente Alta Gracia, en menor cuant\u00eda.<\/p>\n<p>De los 15 rubros relevados por la entidad, todos ellos alcanzaron valores negativos en la comparaci\u00f3n interanual respecto a las cantidades vendidas. Las ca\u00eddas m\u00e1s pronunciadas se observaron en Bijouterie (-17,3%); Muebles de oficina y hogar (-16,6%); Indumentaria y lencer\u00eda (-15,8%); Bazar y regalos (-14,2%); Electrodom\u00e9sticos y art\u00edculos electr\u00f3nicos (-13,8%) y Textil-Blanco (-13,3%).<\/p>\n<p>Las variaciones en cantidades vendidas para los restantes rubros fueron: Calzados y marroquiner\u00eda (-12,9%); Joyer\u00eda y relojer\u00eda (-12,5%); Materiales para la construcci\u00f3n (-11,8%); Materiales el\u00e9ctricos y ferreter\u00edas (-10,6%); Neum\u00e1ticos y repuestos (-9,4%); Deportes (-9,1%); Jugueter\u00eda y librer\u00edas (-8,8%); Alimentos y bebidas (-7,5%) y finalmente, Farmacia, perfumer\u00eda y cosm\u00e9tica (-5,3%);<\/p>\n<p>Respecto a las modalidades de pago, el 49% de las operaciones comerciales de enero se realizaron en efectivo, el 41% con medios electr\u00f3nicos (d\u00e9bito y cr\u00e9dito) y un 10% con cr\u00e9ditos propios de los establecimientos comerciales.<\/p>\n<p>Expectativas comerciales<\/p>\n<p>El contexto econ\u00f3mico del primer mes del a\u00f1o no s\u00f3lo suma incertidumbre sino que persiste con una mirada muy pesimista por parte del sector comercial. Las expectativas respecto a las ventas para el pr\u00f3ximo mes reflejan que un 13% de los consultados considera que aumentar\u00e1n, un 45% que se mantendr\u00e1n sin cambios y un 42% que disminuir\u00e1n.<\/p>\n<p>Cabe destacar que esas estimaciones se comparar\u00e1n con un primer trimestre de 2018 que a\u00fan tuvo n\u00fameros positivos en la econom\u00eda nacional y que fue la previa a la corrida cambiaria.<\/p>\n<h6>Fuente: Puntal<\/h6>\n","protected":false},"excerpt":{"rendered":"<p>Las ventas minoristas de los comercios pymes de la provincia de C\u00f3rdoba finalizaron el mes de enero con una ca\u00edda del 11,5% frente a igual mes del a\u00f1o anterior<\/p>\n","protected":false},"author":2,"featured_media":86682,"comment_status":"closed","ping_status":"closed","sticky":false,"template":"","format":"standard","meta":{"footnotes":""},"categories":[65],"tags":[3],"class_list":["post-86681","post","type-post","status-publish","format-standard","has-post-thumbnail","hentry","category-provincias","tag-cordoba"],"_links":{"self":[{"href":"http:\/\/argentinamunicipal.com.ar\/argentina\/wp-json\/wp\/v2\/posts\/86681","targetHints":{"allow":["GET"]}}],"collection":[{"href":"http:\/\/argentinamunicipal.com.ar\/argentina\/wp-json\/wp\/v2\/posts"}],"about":[{"href":"http:\/\/argentinamunicipal.com.ar\/argentina\/wp-json\/wp\/v2\/types\/post"}],"author":[{"embeddable":true,"href":"http:\/\/argentinamunicipal.com.ar\/argentina\/wp-json\/wp\/v2\/users\/2"}],"replies":[{"embeddable":true,"href":"http:\/\/argentinamunicipal.com.ar\/argentina\/wp-json\/wp\/v2\/comments?post=86681"}],"version-history":[{"count":0,"href":"http:\/\/argentinamunicipal.com.ar\/argentina\/wp-json\/wp\/v2\/posts\/86681\/revisions"}],"wp:featuredmedia":[{"embeddable":true,"href":"http:\/\/argentinamunicipal.com.ar\/argentina\/wp-json\/wp\/v2\/media\/86682"}],"wp:attachment":[{"href":"http:\/\/argentinamunicipal.com.ar\/argentina\/wp-json\/wp\/v2\/media?parent=86681"}],"wp:term":[{"taxonomy":"category","embeddable":true,"href":"http:\/\/argentinamunicipal.com.ar\/argentina\/wp-json\/wp\/v2\/categories?post=86681"},{"taxonomy":"post_tag","embeddable":true,"href":"http:\/\/argentinamunicipal.com.ar\/argentina\/wp-json\/wp\/v2\/tags?post=86681"}],"curies":[{"name":"wp","href":"https:\/\/api.w.org\/{rel}","templated":true}]}}