{"id":86724,"date":"2019-02-08T06:37:51","date_gmt":"2019-02-08T09:37:51","guid":{"rendered":"http:\/\/argentinamunicipal.com.ar\/argentina\/?p=86724"},"modified":"2019-02-08T06:37:51","modified_gmt":"2019-02-08T09:37:51","slug":"nadie-puede-ser-indiferente","status":"publish","type":"post","link":"http:\/\/argentinamunicipal.com.ar\/argentina\/nadie-puede-ser-indiferente\/","title":{"rendered":"\u201cNadie puede ser indiferente\u201d"},"content":{"rendered":"<p>Los obispos del noroeste del pa\u00eds difundieron una declaraci\u00f3n donde cuestionan la \u201cl\u00f3gica economicista que impone el paradigma tecnocr\u00e1tico\u201d y el \u201cmodelo extractivista\u201d que genera \u201cnuevas formas de pobreza\u201d.<\/p>\n<p>Los obispos cat\u00f3licos del noroeste argentino dieron a conocer un documento en el que critican la \u201cl\u00f3gica economicista que impone el paradigma tecnocr\u00e1tico\u201d, advierten sobre las consecuencias de un \u201cmodelo extractivista\u201d que genera \u201cnuevas formas de pobreza\u201d y plantean que \u201cnadie puede ser indiferente ante el grito de los pobres\u201d.<\/p>\n<p>\u201cNos preocupa la l\u00f3gica economicista que impone el paradigma tecnocr\u00e1tico, cuya finalidad es consumir y producir, desplazando a un segundo plano la dignidad de la persona y la justa distribuci\u00f3n de los bienes para el desarrollo humano integral\u201d, se\u00f1alan los obispos en la declaraci\u00f3n difundida al finalizar una reuni\u00f3n de tres d\u00edas que se desarroll\u00f3 en Salta. Del encuentro participaron catorce obispos cat\u00f3licos de la regi\u00f3n noroeste y el texto lleva la firma de todos ellos, entre quienes se encuentran Pedro Olmedo, (Humahuaca), Jos\u00e9 Rossi (Concepci\u00f3n), Vicente Bokalic (Santiago del Estero) Jos\u00e9 Ch\u00e1vez (A\u00f1atuya), C\u00e9sar Fern\u00e1ndez (Jujuy), Luis Urbanc (Catamarca), Dante Braida (La Rioja) y Luis Scozzina (Or\u00e1n).<\/p>\n<p>En la introducci\u00f3n del documento, los obispos afirman que su prop\u00f3sito es plantear \u201calgunos temas que no est\u00e1n suficientemente visibilizados, pero que nos preocupan por las consecuencias actuales que comprometen nuestro futuro\u201d.<\/p>\n<p>Dicen entonces: \u201cConsideramos importante resaltar la conexi\u00f3n entre el modelo econ\u00f3mico extractivista y el clima, el agua y el modo de vida de las comunidades\u201d, porque esto \u201cgenera nuevas formas de pobreza que expulsan a las personas de sus propios lugares de origen y las postergan cada d\u00eda m\u00e1s\u201d.<\/p>\n<p>Agrega el documento que \u201cla expansi\u00f3n indiscriminada de las fronteras agr\u00edcolas que incluye el desmonte de grandes extensiones de bosques nativos afecta seriamente el conjunto del h\u00e1bitat\u201d.<\/p>\n<p>Teniendo a la vista las inundaciones recientes y otras cat\u00e1strofes ambientales, los obispos sostienen que \u201clos suelos se vuelven vulnerables a la erosi\u00f3n provocada por las lluvias, que traen como consecuencia las inundaciones cada vez m\u00e1s frecuentes, con los destrozos consabidos\u201d.<\/p>\n<p>Y desde su particular mirada, los religiosos dicen que \u201cestas no son desgracias que Dios manda, sino males que el hombre hace a la creaci\u00f3n y que traen estos efectos\u201d y se\u00f1alan: \u201cSabemos que en toda crisis socio-ambiental los primeros afectados son los m\u00e1s pobres\u201d.<\/p>\n<p>La declaraci\u00f3n de los obispos del noroeste guarda directa relaci\u00f3n con la perspectiva que en materia ambiental viene planteando el papa Francisco, tanto en sus documentos como en las declaraciones p\u00fablicas.<\/p>\n<p>Los obispos dicen tambi\u00e9n que apoyan \u201cdecididamente a las comunidades que reclaman su derecho a participar en las decisiones que afectan a la vida personal, familiar y a los recursos naturales donde se desarrollan la vida y la cultura\u201d.<\/p>\n<p>Y por ese motivo, agregan, \u201cnecesitamos parroquias, escuelas, universidades, comunidades, cuyas pr\u00e1cticas den testimonio de una cultura que respeta, ama y defiende la Vida, toda vida humana y toda la creaci\u00f3n, porque vale toda vida\u201d.<\/p>\n<p>En el documento \u2013que tiene la forma de una carta dirigida a la feligres\u00eda de sus di\u00f3cesis\u2013, los obispos sostienen que \u201cal comienzo de este a\u00f1o electoral en nuestra Patria y en el marco del s\u00ednodo de la Amazon\u00eda en la Iglesia universal, consideramos que nadie puede ser indiferente ante el grito de los pobres y de la madre tierra, sobre todo los que tienen la capacidad de tomar decisiones al respecto\u201d.<\/p>\n<p>El texto tambi\u00e9n lleva la firma de los obispos F\u00e9lix Paredes (coadjutor de Humahuaca), Jos\u00e9 Jim\u00e9nez (Cafayate), Mario Cargnello (Salta) Carlos S\u00e1nchez (Tucum\u00e1n), Luis Villalba (cardenal em\u00e9rito de Tucum\u00e1n) y Enrique Mart\u00ednez (auxiliar de Santiago del Estero).<\/p>\n<h6>Fuente: P\u00e1gina 12<\/h6>\n","protected":false},"excerpt":{"rendered":"<p>Los obispos del noroeste del pa\u00eds difundieron una declaraci\u00f3n donde cuestionan la \u201cl\u00f3gica economicista que impone el paradigma tecnocr\u00e1tico\u201d y el \u201cmodelo extractivista\u201d que genera \u201cnuevas formas de pobreza\u201d.<\/p>\n","protected":false},"author":2,"featured_media":86725,"comment_status":"closed","ping_status":"closed","sticky":false,"template":"","format":"standard","meta":{"footnotes":""},"categories":[8],"tags":[21],"class_list":["post-86724","post","type-post","status-publish","format-standard","has-post-thumbnail","hentry","category-informe-nacional","tag-argentina"],"_links":{"self":[{"href":"http:\/\/argentinamunicipal.com.ar\/argentina\/wp-json\/wp\/v2\/posts\/86724","targetHints":{"allow":["GET"]}}],"collection":[{"href":"http:\/\/argentinamunicipal.com.ar\/argentina\/wp-json\/wp\/v2\/posts"}],"about":[{"href":"http:\/\/argentinamunicipal.com.ar\/argentina\/wp-json\/wp\/v2\/types\/post"}],"author":[{"embeddable":true,"href":"http:\/\/argentinamunicipal.com.ar\/argentina\/wp-json\/wp\/v2\/users\/2"}],"replies":[{"embeddable":true,"href":"http:\/\/argentinamunicipal.com.ar\/argentina\/wp-json\/wp\/v2\/comments?post=86724"}],"version-history":[{"count":0,"href":"http:\/\/argentinamunicipal.com.ar\/argentina\/wp-json\/wp\/v2\/posts\/86724\/revisions"}],"wp:featuredmedia":[{"embeddable":true,"href":"http:\/\/argentinamunicipal.com.ar\/argentina\/wp-json\/wp\/v2\/media\/86725"}],"wp:attachment":[{"href":"http:\/\/argentinamunicipal.com.ar\/argentina\/wp-json\/wp\/v2\/media?parent=86724"}],"wp:term":[{"taxonomy":"category","embeddable":true,"href":"http:\/\/argentinamunicipal.com.ar\/argentina\/wp-json\/wp\/v2\/categories?post=86724"},{"taxonomy":"post_tag","embeddable":true,"href":"http:\/\/argentinamunicipal.com.ar\/argentina\/wp-json\/wp\/v2\/tags?post=86724"}],"curies":[{"name":"wp","href":"https:\/\/api.w.org\/{rel}","templated":true}]}}