{"id":86730,"date":"2019-02-08T06:42:41","date_gmt":"2019-02-08T09:42:41","guid":{"rendered":"http:\/\/argentinamunicipal.com.ar\/argentina\/?p=86730"},"modified":"2019-02-08T06:42:41","modified_gmt":"2019-02-08T09:42:41","slug":"nos-ha-costado-mas-de-lo-que-imagine","status":"publish","type":"post","link":"http:\/\/argentinamunicipal.com.ar\/argentina\/nos-ha-costado-mas-de-lo-que-imagine\/","title":{"rendered":"\u201cNos ha costado m\u00e1s de lo que imagin\u00e9\u201d"},"content":{"rendered":"<p>La autocr\u00edtica del presidente, Mauricio Macri, con respecto a la pol\u00edtica antiinflacionaria, fue que \u201ctal vez fui demasiado optimista\u201d. Y advirti\u00f3 que \u201cno es un problema que se resuelva en tres a\u00f1os\u201d, lo que no dijo cuando asumi\u00f3 el cargo por cuatro.<\/p>\n<p>\u201cNos ha costado m\u00e1s de lo que imagin\u00e9, en esto tal vez fui demasiado optimista\u201d, expres\u00f3 el presidente Mauricio Macri al referirse a los elevados niveles de inflaci\u00f3n registrados a lo largo de su mandato. \u201cLa inflaci\u00f3n se combate no gastando m\u00e1s de lo que uno tiene. La Argentina arrastra este problema hace d\u00e9cadas\u201d, sostuvo el mandatario durante una entrevista al reiterar el diagn\u00f3stico oficial donde los aumentos de precios son causados por la expansi\u00f3n del gasto p\u00fablico. La explicaci\u00f3n ofrecida por Macri a Radio de la Costa de Santa Teresita colisiona con la realidad como olas contra un acantilado. Como parte de los compromisos asumidos con el FMI, se puso en marcha un programa de d\u00e9ficit cero y emisi\u00f3n cero, pero las expectativas de inflaci\u00f3n para 2019 rondan el 29 por ciento. \u201cPaso a paso, las cosas que valen no se dan de un d\u00eda para otro\u201d, agreg\u00f3, prof\u00e9tico, el jefe de Estado.<\/p>\n<p>\u201cLos argentinos elegimos el cambio e integrarnos al mundo. Las cosas que heredamos y arrastramos hace mucho tiempo no se resuelven en tres a\u00f1os (lo que no anticip\u00f3 cuando asumi\u00f3 por un per\u00edodo de cuatro). No es tan f\u00e1cil construir esa Argentina que nos merecemos\u201d, sostuvo Macri que, por otra parte, hoy cumple a\u00f1os. El mandatario, que volver\u00e1 a tomarse vacaciones para celebrar su 60 aniversario en Mar del Plata, enfatiz\u00f3 la relevancia otorgada al ajuste fiscal en la estrategia oficial. \u201cCon alta inflaci\u00f3n es imposible que esas cosas se logren, por algo m\u00e1s del 90 por ciento de los pa\u00edses del mundo no tienen. Tenemos que lograrlo, no hay excusa. Por primera vez tenemos equilibrio primario en el presupuesto, pero hay que cumplirlo, seguir y cuidar el mango para lograrlo\u201d, enfatiz\u00f3 el presidente.<\/p>\n<p>Atr\u00e1s quedaron las m\u00e1ximas reiteradas durante la campa\u00f1a presidencial. \u201cLa inflaci\u00f3n es la demostraci\u00f3n de tu incapacidad para gobernar\u201d y \u201celiminar la inflaci\u00f3n ser\u00e1 la cosa m\u00e1s simple que tenga que hacer si soy presidente\u201d, fueron dos de las m\u00e1ximas abandonadas por el relato oficial a medida que se aceleraron los niveles de precios. Durante la entrevista radial, Macri se ci\u00f1\u00f3 al libreto oficial. Calific\u00f3 al a\u00f1o pasado de \u201ctraum\u00e1tico\u201d, llam\u00f3 a \u201cseguir trabajando juntos\u201d, pidi\u00f3 \u201cno buscar m\u00e1s atajos, la mentira y la estafa\u201d y consider\u00f3 que \u201cfalta mucho, hay cosas que seguir resolviendo para que la econom\u00eda se vuelva a poner en marcha\u201d. Culp\u00f3 a la herencia y a su optimismo por la inflaci\u00f3n r\u00e9cord pero prometi\u00f3 que el ajuste permitir\u00e1 controlar los aumentos. \u201cPero el camino es bajar la inflaci\u00f3n para generar desarrollo, generar empleo, terminar con la pobreza\u201d, dijo Macri.<\/p>\n<p>\u201cNo se gasta m\u00e1s de lo que uno tiene. Todos vivimos de lo que ganamos. Pero ac\u00e1, durante gobiernos y gobiernos, se gastaba m\u00e1s de lo que se ten\u00eda a pesar de cobrar impuestos alt\u00edsimos y esos nos llev\u00f3 a vivir con inflaci\u00f3n\u201d, indic\u00f3, al se\u00f1alar a la emisi\u00f3n y el gasto como las causas de la inflaci\u00f3n. A lo largo de la conversaci\u00f3n que comenz\u00f3 con un comentario machista sobre el matrimonio del entrevistador y referencias a la rivalidad entre Boca y River, el mandatario desconoci\u00f3 el impacto del d\u00f3lar y los aumentos de tarifas sobre la din\u00e1mica de precios.<\/p>\n<p>Macri lleg\u00f3 a la Casa Rosada en diciembre de 2015 con una inflaci\u00f3n acumulada del 26,9 por ciento de acuerdo a los datos de la Ciudad de Buenos Aires (el apag\u00f3n estad\u00edstico impidi\u00f3 evaluar el desempe\u00f1o con cifras del Indec). Las autoridades porte\u00f1as estimaron que al finalizar 2016 los precios escalaron hasta 41 por ciento. Aquella aceleraci\u00f3n fue resultado de la devaluaci\u00f3n, los tarifazos y el desmantelamiento de Precios Cuidados. Un a\u00f1o despu\u00e9s, los precios volvieron al punto inicial: 26,1 por ciento. El Indec ya hab\u00eda vuelto a difundir sus estad\u00edsticas permitiendo la comparaci\u00f3n internaual, que en diciembre de 2017 marc\u00f3 un alza del 24,8 por ciento. Durante el \u201ctraum\u00e1tico\u201d 2018, la inflaci\u00f3n lleg\u00f3 en doce meses a un 47,6 por ciento, el mayor registro en 27 a\u00f1os.<\/p>\n<p>El a\u00f1o pasado registr\u00f3 la inflaci\u00f3n m\u00e1s alta si se tiene en cuenta todo el per\u00edodo de convertibilidad \u2013salvo el a\u00f1o de su inicio\u2013, el per\u00edodo de la Alianza, la crisis de 2001 y los tres gobiernos kirchneristas. La aceleraci\u00f3n de precios inducida por el programa econ\u00f3mico de Cambiemos implic\u00f3 un salto en los niveles de pobreza. Durante 2018, 2,5 millones de personas en todo el pa\u00eds empeoraron su posici\u00f3n econ\u00f3mica y pasaron a ser pobres en t\u00e9rminos de su ingreso monetario. El Indec publicar\u00e1 el dato oficial de pobreza del segundo semestre del a\u00f1o pasado a fines de marzo, pero las estad\u00edsticas socioecon\u00f3micas y macroecon\u00f3micas oficial disponibles permiten anticipar que alcanzar\u00e1 al 31,5 por ciento. El guarismo estar\u00e1 as\u00ed por encima del 25,6 del mismo per\u00edodo de 2017.<\/p>\n<h6>Fuente: P\u00e1gina 12<\/h6>\n","protected":false},"excerpt":{"rendered":"<p>La autocr\u00edtica del presidente, Mauricio Macri, con respecto a la pol\u00edtica antiinflacionaria, fue que \u201ctal vez fui demasiado optimista\u201d. Y advirti\u00f3 que \u201cno es un problema que se resuelva en tres a\u00f1os\u201d, lo que no dijo cuando asumi\u00f3 el cargo por cuatro.<\/p>\n","protected":false},"author":2,"featured_media":86731,"comment_status":"closed","ping_status":"closed","sticky":false,"template":"","format":"standard","meta":{"footnotes":""},"categories":[8],"tags":[21],"class_list":["post-86730","post","type-post","status-publish","format-standard","has-post-thumbnail","hentry","category-informe-nacional","tag-argentina"],"_links":{"self":[{"href":"http:\/\/argentinamunicipal.com.ar\/argentina\/wp-json\/wp\/v2\/posts\/86730","targetHints":{"allow":["GET"]}}],"collection":[{"href":"http:\/\/argentinamunicipal.com.ar\/argentina\/wp-json\/wp\/v2\/posts"}],"about":[{"href":"http:\/\/argentinamunicipal.com.ar\/argentina\/wp-json\/wp\/v2\/types\/post"}],"author":[{"embeddable":true,"href":"http:\/\/argentinamunicipal.com.ar\/argentina\/wp-json\/wp\/v2\/users\/2"}],"replies":[{"embeddable":true,"href":"http:\/\/argentinamunicipal.com.ar\/argentina\/wp-json\/wp\/v2\/comments?post=86730"}],"version-history":[{"count":0,"href":"http:\/\/argentinamunicipal.com.ar\/argentina\/wp-json\/wp\/v2\/posts\/86730\/revisions"}],"wp:featuredmedia":[{"embeddable":true,"href":"http:\/\/argentinamunicipal.com.ar\/argentina\/wp-json\/wp\/v2\/media\/86731"}],"wp:attachment":[{"href":"http:\/\/argentinamunicipal.com.ar\/argentina\/wp-json\/wp\/v2\/media?parent=86730"}],"wp:term":[{"taxonomy":"category","embeddable":true,"href":"http:\/\/argentinamunicipal.com.ar\/argentina\/wp-json\/wp\/v2\/categories?post=86730"},{"taxonomy":"post_tag","embeddable":true,"href":"http:\/\/argentinamunicipal.com.ar\/argentina\/wp-json\/wp\/v2\/tags?post=86730"}],"curies":[{"name":"wp","href":"https:\/\/api.w.org\/{rel}","templated":true}]}}