{"id":86742,"date":"2019-02-08T06:59:19","date_gmt":"2019-02-08T09:59:19","guid":{"rendered":"http:\/\/argentinamunicipal.com.ar\/argentina\/?p=86742"},"modified":"2019-02-08T06:59:19","modified_gmt":"2019-02-08T09:59:19","slug":"el-neoliberalismo-en-tv","status":"publish","type":"post","link":"http:\/\/argentinamunicipal.com.ar\/argentina\/el-neoliberalismo-en-tv\/","title":{"rendered":"El neoliberalismo en TV"},"content":{"rendered":"<p>Es bien conocida hoy en d\u00eda la importancia crucial que tienen los medios de comunicaci\u00f3n en la configuraci\u00f3n de la opini\u00f3n p\u00fablica y en la subjetividad de la poblaci\u00f3n, influyendo en las elecciones de los ciudadanos, en sus preferencias, en la orientaci\u00f3n del consumo, etc.<\/p>\n<p>Entre los medios de comunicaci\u00f3n masiva uno de los m\u00e1s influyentes es, sin duda, la televisi\u00f3n. En nuestro pa\u00eds, en su mayor\u00eda, los canales de televisi\u00f3n asumen abiertamente un lineamiento af\u00edn con las pol\u00edticas oficiales. Una de las \u00e1reas donde esto se pone de manifiesto, es en los noticiosos, donde predominan los hechos de violencia y delincuencia, hurgando hasta el hartazgo en todos los detalles morbosos de los sucesos.<\/p>\n<p>Se hallan, en cambio, pr\u00e1cticamente invisibilizadas las referencias a otro tipo de hechos graves que ocurren en el pa\u00eds, noticias que aluden a distintas acciones del Estado que atentan contra el bienestar de la poblaci\u00f3n, como despidos de trabajadores, cierre de f\u00e1bricas, crisis de las pymes, cierres de escuelas, abandono de proyectos cient\u00edficos, aumentos tarifarios, etc. Y menos a\u00fan se difunden las m\u00faltiples acciones de resistencia que d\u00eda a d\u00eda se multiplican a lo largo del pa\u00eds.<\/p>\n<p>Hay varias otras franjas program\u00e1ticas que merecer\u00edan destacarse como mecanismos de alienaci\u00f3n vigentes en la pantalla, pero lo que queremos mencionar ahora es la creciente ola de programas donde el objetivo central es establecer la competencia entre los participantes, y donde poco a poco se va \u201cexpulsando\u201d a los que van siendo desplazados hasta que quedan los \u201cmejores\u201d, consolidando la dicotom\u00eda \u201cganador-perdedor (\u201clooser\u201d)\u201d, uno de las categor\u00edas m\u00e1s aberrantes del lenguaje actual. Los \u00e1mbitos convocados son de lo m\u00e1s diversos, desde los deportivos, el canto, el baile, el dominio de la destreza en ciertas habilidades, \u00faltimamente la cocina, y la confecci\u00f3n de prendas de vestir, etc.<\/p>\n<p>En un interesant\u00edsimo art\u00edculo aparecido el 11 de julio de 2018 \u00a0en esta misma secci\u00f3n (&lt;https:\/\/www.pagina12.com.ar\/127563-el-cruento-show-del-descarte&gt;), su autor, Manuel Barrientos, ha puesto de relieve este \u00a0fen\u00f3meno que denomina \u201ctalent shows\u201d y que describe del siguiente modo: \u201cHay un mecanismo que se reitera: con el voto del p\u00fablico o la determinaci\u00f3n de un jurado, estos programas van descartando, cap\u00edtulo a cap\u00edtulo, a sus protagonistas. Se los destierra porque no terminan de exhibir sus talentos, porque no se adaptan, porque no provocan esc\u00e1ndalos, o generan el rating esperado. As\u00ed nos ense\u00f1an que todos somos susceptibles de ser desplazados, de ser expulsados. No estimulan ning\u00fan esquema de solidaridad entre los protagonistas, sino que dan paso a la libre competencia para la sobrevivencia del m\u00e1s apto: el \u00fanico y definitivo ganador. Con el gobierno de Cambiemos, ese mecanismo televisivo parece haberse transformado en una pol\u00edtica de Estado: una pol\u00edtica p\u00fablica del descarte\u201d.<\/p>\n<p>El objetivo de la presente reflexi\u00f3n, en consonancia con el citado art\u00edculo y esbozando una mirada desde el punto de vista filos\u00f3fico, es marcar de qu\u00e9 modo esa l\u00ednea program\u00e1tica tan definida y cada vez m\u00e1s invasora en la televisi\u00f3n, refleja y refuerza, de hecho, a trav\u00e9s del entretenimiento, como algo totalmente l\u00fadico, inocente y apol\u00edtico, el sistema de valores y el modelo antropol\u00f3gico social \u00a0inherente al neoliberalismo globalizado.<\/p>\n<p>Algo que, por otra parte, no es m\u00e1s que el eje cultural y la verdadera moral del capitalismo tard\u00edo que ha logrado extenderse y \u201cnaturalizarse\u201d en la mayor parte del planeta.<\/p>\n<p>La \u00e9tica del capitalismo que recorre el mundo se apoya en tres pilares b\u00e1sicos: individualismo, exitismo y consumismo. Y, como gran instrumento para destacarse en la escala social, como gran fuerza motivacional, el recurso es la competencia. \u00a0En educaci\u00f3n hablan de \u201cmeritocracia\u201d, en f\u00fatbol se impone el \u201cresultadismo\u201d, y as\u00ed sucesivamente. \u00a0Las naciones ser\u00e1n \u201clas m\u00e1s competitivas\u201d aunque para ello deban aplastar a otros pa\u00edses y sus poblaciones.<\/p>\n<p>Los estudios que se han hecho dentro de la psicolog\u00eda social y las investigaciones pedag\u00f3gicas, demuestran que la competencia tiene una consecuencia profundamente negativa en las relaciones humanas, en la comunicaci\u00f3n y en el crecimiento personal. \u00a0Esto se refleja en el estado actual del mundo. \u00a0Y es que en el esquema competitivo, el bienestar de uno siempre es a expensas del malestar de otro: para que alguien sea feliz, alguien debe ser desdichado. \u00a0Es as\u00ed de simple.<\/p>\n<p>Para resguardar a nuestra vapuleada especie humana, el camino deber\u00eda ser la cooperaci\u00f3n y la solidaridad y no la lucha por predominar sobre el otro, por doblegarlo. La competencia es el huevo de la serpiente. Si no la serpiente misma.<\/p>\n<p>Por\u00a0Telma Barreiro<\/p>\n<p>* Profesora en Filosof\u00eda (UBA).<\/p>\n<h6>Fuente: P\u00e1gina 12<\/h6>\n","protected":false},"excerpt":{"rendered":"<p>Es bien conocida hoy en d\u00eda la importancia crucial que tienen los medios de comunicaci\u00f3n en la configuraci\u00f3n de la opini\u00f3n p\u00fablica y en la subjetividad de la poblaci\u00f3n, influyendo en las elecciones de los ciudadanos, en sus preferencias, en la orientaci\u00f3n del consumo, etc. Entre los medios de comunicaci\u00f3n masiva uno de los m\u00e1s<\/p>\n","protected":false},"author":2,"featured_media":86743,"comment_status":"closed","ping_status":"closed","sticky":false,"template":"","format":"standard","meta":{"footnotes":""},"categories":[6],"tags":[21],"class_list":["post-86742","post","type-post","status-publish","format-standard","has-post-thumbnail","hentry","category-opiniones","tag-argentina"],"_links":{"self":[{"href":"http:\/\/argentinamunicipal.com.ar\/argentina\/wp-json\/wp\/v2\/posts\/86742","targetHints":{"allow":["GET"]}}],"collection":[{"href":"http:\/\/argentinamunicipal.com.ar\/argentina\/wp-json\/wp\/v2\/posts"}],"about":[{"href":"http:\/\/argentinamunicipal.com.ar\/argentina\/wp-json\/wp\/v2\/types\/post"}],"author":[{"embeddable":true,"href":"http:\/\/argentinamunicipal.com.ar\/argentina\/wp-json\/wp\/v2\/users\/2"}],"replies":[{"embeddable":true,"href":"http:\/\/argentinamunicipal.com.ar\/argentina\/wp-json\/wp\/v2\/comments?post=86742"}],"version-history":[{"count":0,"href":"http:\/\/argentinamunicipal.com.ar\/argentina\/wp-json\/wp\/v2\/posts\/86742\/revisions"}],"wp:featuredmedia":[{"embeddable":true,"href":"http:\/\/argentinamunicipal.com.ar\/argentina\/wp-json\/wp\/v2\/media\/86743"}],"wp:attachment":[{"href":"http:\/\/argentinamunicipal.com.ar\/argentina\/wp-json\/wp\/v2\/media?parent=86742"}],"wp:term":[{"taxonomy":"category","embeddable":true,"href":"http:\/\/argentinamunicipal.com.ar\/argentina\/wp-json\/wp\/v2\/categories?post=86742"},{"taxonomy":"post_tag","embeddable":true,"href":"http:\/\/argentinamunicipal.com.ar\/argentina\/wp-json\/wp\/v2\/tags?post=86742"}],"curies":[{"name":"wp","href":"https:\/\/api.w.org\/{rel}","templated":true}]}}