{"id":86755,"date":"2019-02-08T07:20:16","date_gmt":"2019-02-08T10:20:16","guid":{"rendered":"http:\/\/argentinamunicipal.com.ar\/argentina\/?p=86755"},"modified":"2019-02-08T07:20:16","modified_gmt":"2019-02-08T10:20:16","slug":"la-otra-cara-de-la-visita-de-macri-denuncian-que-en-el-mismo-lugar-hay-comerciantes-que-no-pueden-afrontar-los-costos","status":"publish","type":"post","link":"http:\/\/argentinamunicipal.com.ar\/argentina\/la-otra-cara-de-la-visita-de-macri-denuncian-que-en-el-mismo-lugar-hay-comerciantes-que-no-pueden-afrontar-los-costos\/","title":{"rendered":"La otra cara de la visita de Macri: denuncian que en el mismo lugar hay comerciantes que no pueden afrontar los costos"},"content":{"rendered":"<p>Luego de la visita del Presidente al barrio platense de San Carlos donde sorprendi\u00f3 a un joven comerciante, desde la oposici\u00f3n aseguran que \u201cel intendente no lo llev\u00f3 a caminar porque cualquier vecino puede dar cuenta del desastre que es esta gesti\u00f3n\u201d. Adem\u00e1s, advierten que en los \u00faltimos meses de 2018 se detect\u00f3 una suba del 40% de locales inactivos.<\/p>\n<p>El presidente Mauricio Macri\u00a0visit\u00f3 hace dos d\u00edas el barrio de San Carlos en La Plata\u00a0donde visit\u00f3 al joven comerciante, Diego Lanezan, en un bazar. Inmediatamente desde la oposici\u00f3n advirtieron que el mandatario no recorri\u00f3 la zona, ni siquiera la misma cuadra del local en el que estuvo, porque el intendente Julio Garro evit\u00f3 que se conociera \u201cla situaci\u00f3n desesperante\u201d que se vive.<\/p>\n<p>La concejal del FpV\/PJ, Lorena Riesgo, visit\u00f3 este mi\u00e9rcoles por la tarde la localidad de San Carlos para intercambiar con vecinos y comerciantes informaci\u00f3n concreta\u00a0sobre la situaci\u00f3n desesperante que se vive en la regi\u00f3n.<\/p>\n<p>Seg\u00fan comunic\u00f3, durante la recorrida pudo comprobar la dif\u00edcil situaci\u00f3n econ\u00f3mica en la que se encuentran los vecnos y comerciantes, lo que contrasta notoriamente con la versi\u00f3n que el presidente Mauricio Macri difundi\u00f3 por redes sociales luego de visitar un solo comercio en la calle\u00a0 32 entre 136 y 137.<\/p>\n<p>\u201cLamentamos profundamente que Mauricio Macri se haya bajado en un solo comercio y no haya recorrido la localidad. Nosotros si caminamos la zona y los comerciantes, de la misma cuadra que visit\u00f3 el Presidente, nos plantearon que las ventas han ca\u00eddo de manera estrepitosa, que tienen much\u00edsimas dificultades para poder afrontar los costos, tanto de alquiler como el monto de las tarifas, que son cada vez mayores\u201d, expres\u00f3 la Concejal.<\/p>\n<p>\u201cLejos de lo que dice el presidente las estad\u00edsticas se confirman y deber\u00eda haber recorrido m\u00e1s San Carlos para tener una real lectura de lo que sucede en la calle\u201d, afirm\u00f3 Riesgo al tiempo que agreg\u00f3 que \u201cel intendente Julio Garro claramente no llevo al presidente a caminar porque sabe que cualquier vecino va a dar cuenta de la desidia y del desastre que es la gesti\u00f3n\u201d.<\/p>\n<p>Adem\u00e1s inform\u00f3 que, seg\u00fan datos estad\u00edsticos, en los \u00faltimos meses de 2018 se detect\u00f3 una suba del 40% de locales inactivos en las principales \u00e1reas comerciales de la ciudad, algunos de ellos emblem\u00e1ticos como Rogelio Gonz\u00e1lez, la panader\u00eda La Primavera y el restaurant Los Laureles. Adem\u00e1s, la regi\u00f3n est\u00e1 sexta a nivel nacional con un desempleo de 9,5%.<\/p>\n<h6>Fuente: InfoCielo<\/h6>\n","protected":false},"excerpt":{"rendered":"<p>Luego de la visita del Presidente al barrio platense de San Carlos donde sorprendi\u00f3 a un joven comerciante, desde la oposici\u00f3n aseguran que \u201cel intendente no lo llev\u00f3 a caminar porque cualquier vecino puede dar cuenta del desastre que es esta gesti\u00f3n\u201d.<\/p>\n","protected":false},"author":2,"featured_media":86756,"comment_status":"closed","ping_status":"closed","sticky":false,"template":"","format":"standard","meta":{"footnotes":""},"categories":[2],"tags":[12],"class_list":["post-86755","post","type-post","status-publish","format-standard","has-post-thumbnail","hentry","category-informe-municipal","tag-buenos-aires"],"_links":{"self":[{"href":"http:\/\/argentinamunicipal.com.ar\/argentina\/wp-json\/wp\/v2\/posts\/86755","targetHints":{"allow":["GET"]}}],"collection":[{"href":"http:\/\/argentinamunicipal.com.ar\/argentina\/wp-json\/wp\/v2\/posts"}],"about":[{"href":"http:\/\/argentinamunicipal.com.ar\/argentina\/wp-json\/wp\/v2\/types\/post"}],"author":[{"embeddable":true,"href":"http:\/\/argentinamunicipal.com.ar\/argentina\/wp-json\/wp\/v2\/users\/2"}],"replies":[{"embeddable":true,"href":"http:\/\/argentinamunicipal.com.ar\/argentina\/wp-json\/wp\/v2\/comments?post=86755"}],"version-history":[{"count":0,"href":"http:\/\/argentinamunicipal.com.ar\/argentina\/wp-json\/wp\/v2\/posts\/86755\/revisions"}],"wp:featuredmedia":[{"embeddable":true,"href":"http:\/\/argentinamunicipal.com.ar\/argentina\/wp-json\/wp\/v2\/media\/86756"}],"wp:attachment":[{"href":"http:\/\/argentinamunicipal.com.ar\/argentina\/wp-json\/wp\/v2\/media?parent=86755"}],"wp:term":[{"taxonomy":"category","embeddable":true,"href":"http:\/\/argentinamunicipal.com.ar\/argentina\/wp-json\/wp\/v2\/categories?post=86755"},{"taxonomy":"post_tag","embeddable":true,"href":"http:\/\/argentinamunicipal.com.ar\/argentina\/wp-json\/wp\/v2\/tags?post=86755"}],"curies":[{"name":"wp","href":"https:\/\/api.w.org\/{rel}","templated":true}]}}