{"id":86758,"date":"2019-02-08T07:22:52","date_gmt":"2019-02-08T10:22:52","guid":{"rendered":"http:\/\/argentinamunicipal.com.ar\/argentina\/?p=86758"},"modified":"2019-02-08T07:22:52","modified_gmt":"2019-02-08T10:22:52","slug":"para-que-no-falte-el-plato-de-comida-ensenada-declaro-la-emergencia-alimentaria","status":"publish","type":"post","link":"http:\/\/argentinamunicipal.com.ar\/argentina\/para-que-no-falte-el-plato-de-comida-ensenada-declaro-la-emergencia-alimentaria\/","title":{"rendered":"\u201cPara que no falte el plato de comida\u201d, Ensenada declar\u00f3 la emergencia alimentaria"},"content":{"rendered":"<p>En sesi\u00f3n extraordinaria del Concejo Deliberante, se debati\u00f3 y se aprob\u00f3 el proyecto que hab\u00eda solicitado el jefe comunal Mario Secco luego de un oscuro diagn\u00f3stico de la demanda social de los ensenadenses.<\/p>\n<p>El Concejo Deliberante de Ensenada aprob\u00f3 la Emergencia Alimentaria, por pedido del Intendente Mario Secco, ante la preocupante situaci\u00f3n social que atraviesa la ciudad como consecuencia de las pol\u00edticas econ\u00f3micas\u00a0implementadas por los gobiernos provincial y nacional.<\/p>\n<p>El Concejo Deliberante aprob\u00f3 la Emergencia Alimentaria, por pedido del Intendente Mario Secco, ante la preocupante situaci\u00f3n social que atraviesa la ciudad como consecuencia de las pol\u00edticas econ\u00f3micas implementadas por los gobiernos provincial y nacional.<\/p>\n<p>De esta manera\u00a0se faculta al Poder Ejecutivo municipal para adquirir bienes, insumos y dem\u00e1s elementos para atender la demanda social.\u00a0El argumento que present\u00f3 el gobierno comunal es que la profunda crisis econ\u00f3mica golpea duramente a los sectores m\u00e1s vulnerables y ya la entrega de alimentos, remedios, casillas para personas en situaci\u00f3n de calle, insumos hospitalarias, no es suficiente.<\/p>\n<p>Sin embargo, desde\u00a0el bloque opositor, Cambiemos, acusaron al oficialismo de querer acumular fondos para la campa\u00f1a electoral y por tal cuesti\u00f3n no acompa\u00f1aron el proyecto.<\/p>\n<p>\u201cEl rumbo adoptado por Cambiemos castiga duramente a los sectores m\u00e1s desprotegidos de la sociedad, situaci\u00f3n que oblig\u00f3 a la Municipalidad a extender la ayuda alimentaria a 6500 familias ensenadenses, r\u00e9cord hist\u00f3rico para la ciudad\u201d, describi\u00f3 la Concejal Silvina Nardini.<\/p>\n<p>\u201cLa medida apunta a que no falte un plato de comida en ninguna mesa: desde el a\u00f1o 2016, la comuna aument\u00f3 la entrega de bolsas con alimentos en un 3000%; sin embargo, cada d\u00eda son m\u00e1s las familias\u00a0y vecinos que se acercan a solicitar ayuda\u201d, asegur\u00f3 Luis Blasetti, presidente del Concejo Deliberante.<\/p>\n<p>Por otro lado, el Concejal Esteban Spivak explic\u00f3 que\u00a0\u201ces otra decisi\u00f3n pol\u00edtica del Intendente que se suma a planes integrales de gobierno que apuntan al desarrollo de la ciudad, a la contenci\u00f3n del pueblo ensenadense y el crecimiento de la Comuna\u201d. En ese sentido, ejemplific\u00f3 con el Plan de Luminaria P\u00fablica, el Plan de liberaci\u00f3n de la costa de Punta Lara, el Plan Hidr\u00e1ulico m\u00e1s grande de los \u00faltimos 200 a\u00f1os, el Plan de Pavimentaci\u00f3n en todos los barrios, el Plan de mantenimiento y arreglo del conjunto de edificios educativos, el Plan de acompa\u00f1amiento a deportistas y artistas, y dem\u00e1s medidas que Mario Secco toma en favor del pueblo.<\/p>\n<h6>Fuente: InfoCielo<\/h6>\n","protected":false},"excerpt":{"rendered":"<p>En sesi\u00f3n extraordinaria del Concejo Deliberante, se debati\u00f3 y se aprob\u00f3 el proyecto que hab\u00eda solicitado el jefe comunal Mario Secco luego de un oscuro diagn\u00f3stico de la demanda social de los ensenadenses.<\/p>\n","protected":false},"author":2,"featured_media":86759,"comment_status":"closed","ping_status":"closed","sticky":false,"template":"","format":"standard","meta":{"footnotes":""},"categories":[2],"tags":[12],"class_list":["post-86758","post","type-post","status-publish","format-standard","has-post-thumbnail","hentry","category-informe-municipal","tag-buenos-aires"],"_links":{"self":[{"href":"http:\/\/argentinamunicipal.com.ar\/argentina\/wp-json\/wp\/v2\/posts\/86758","targetHints":{"allow":["GET"]}}],"collection":[{"href":"http:\/\/argentinamunicipal.com.ar\/argentina\/wp-json\/wp\/v2\/posts"}],"about":[{"href":"http:\/\/argentinamunicipal.com.ar\/argentina\/wp-json\/wp\/v2\/types\/post"}],"author":[{"embeddable":true,"href":"http:\/\/argentinamunicipal.com.ar\/argentina\/wp-json\/wp\/v2\/users\/2"}],"replies":[{"embeddable":true,"href":"http:\/\/argentinamunicipal.com.ar\/argentina\/wp-json\/wp\/v2\/comments?post=86758"}],"version-history":[{"count":0,"href":"http:\/\/argentinamunicipal.com.ar\/argentina\/wp-json\/wp\/v2\/posts\/86758\/revisions"}],"wp:featuredmedia":[{"embeddable":true,"href":"http:\/\/argentinamunicipal.com.ar\/argentina\/wp-json\/wp\/v2\/media\/86759"}],"wp:attachment":[{"href":"http:\/\/argentinamunicipal.com.ar\/argentina\/wp-json\/wp\/v2\/media?parent=86758"}],"wp:term":[{"taxonomy":"category","embeddable":true,"href":"http:\/\/argentinamunicipal.com.ar\/argentina\/wp-json\/wp\/v2\/categories?post=86758"},{"taxonomy":"post_tag","embeddable":true,"href":"http:\/\/argentinamunicipal.com.ar\/argentina\/wp-json\/wp\/v2\/tags?post=86758"}],"curies":[{"name":"wp","href":"https:\/\/api.w.org\/{rel}","templated":true}]}}