{"id":86761,"date":"2019-02-08T05:23:48","date_gmt":"2019-02-08T08:23:48","guid":{"rendered":"http:\/\/argentinamunicipal.com.ar\/argentina\/?p=86761"},"modified":"2019-02-08T07:25:56","modified_gmt":"2019-02-08T10:25:56","slug":"macri-poso-con-una-maquina-de-coser-que-se-dejo-de-fabricar-en-el-pais-por-el-impacto-de-sus-politicas-economicas","status":"publish","type":"post","link":"http:\/\/argentinamunicipal.com.ar\/argentina\/macri-poso-con-una-maquina-de-coser-que-se-dejo-de-fabricar-en-el-pais-por-el-impacto-de-sus-politicas-economicas\/","title":{"rendered":"Macri pos\u00f3 con una m\u00e1quina de coser que se dej\u00f3 de fabricar en el pa\u00eds por el impacto de sus pol\u00edticas econ\u00f3micas"},"content":{"rendered":"<p>Fue durante la visita del Presidente en el pueblo de Weisburd, en Santiago del Estero, donde realiz\u00f3 una recorrida por varios emprendimientos. Lo llamativo fue la foto que su equipo de comunicaci\u00f3n decidi\u00f3 compartir.<\/p>\n<p>El Presidente Mauricio Macri respondi\u00f3 \u201cte lo debo, no estoy en tema\u201d, a la consulta de un periodista sobre la muerte de una auxiliar docente que falleci\u00f3 en Mar del Plata durante un reclamo. Un a\u00f1o despu\u00e9s, el mandatario se puso los guantes de trabajo al rev\u00e9s cuando, simb\u00f3licamente,\u00a0daba inicio al proceso de incineraci\u00f3n de casi dos toneladas de coca\u00edna en el Edificio Centinela. Hace una semana volvi\u00f3 a ser el foco de burlas en redes sociales porque durante la reinauguraci\u00f3n del Hospital Houssay de PAMI en Mar del Plata, se puso la bata de intervenciones quir\u00fargicas al rev\u00e9s.<\/p>\n<p>Ahora estuvo en Santiago del Estero y reincidi\u00f3 en el error. Y ya hay quienes preguntan si se trata de un accionar intencional.\u00a0Es que durante su recorrida por emprendimientos santiague\u00f1os, visit\u00f3 el pueblo de Weisburd. Llev\u00f3 un mensaje optimista y simp\u00e1tico: \u00abGracias por este recibimiento, gracias por creer, gracias por levantarse todos los d\u00edas con fuerza para construir el Santiago que queremos.\u00a0No hay Argentina con futuro si no hay un Santiago fuerte\u201d, y luego se prepar\u00f3 para la foto habitual.<\/p>\n<p>Ese es el dato curioso:\u00a0el Presidente pos\u00f3 con una amplia sonrisa junto a trabajadoras textiles y emulando coser en una m\u00e1quina Singer que se dej\u00f3 de fabricar en el pa\u00eds.<\/p>\n<p>Fue a principios de diciembre cuando\u00a0la firma Macoser S.A., que fabricaba las Singer cerr\u00f3 la producci\u00f3n en San Francisco, C\u00f3rdoba,\u00a0ante la p\u00e9rdida de competitividad por no poder hacer frente a los productos importados.<\/p>\n<p>Era la \u00faltima empresa nacional dedicada a ese rubro y con una trayectoria de 64 a\u00f1os. Su director ejecutivo, Roberto Macchieraldo, afirm\u00f3 que la decisi\u00f3n de cerrar la producci\u00f3n tuvo que ver con \u201cuna competencia feroz con pa\u00edses\u00a0muy poderosos como los del Medio Oriente, sumado a que es imposible la inversi\u00f3n que deb\u00edamos realizar para que nuestro producto sea m\u00e1s competitivo\u201d.<\/p>\n<h6>Fuente: InfoCielo<\/h6>\n","protected":false},"excerpt":{"rendered":"<p>Fue durante la visita del Presidente en el pueblo de Weisburd, en Santiago del Estero, donde realiz\u00f3 una recorrida por varios emprendimientos. Lo llamativo fue la foto que su equipo de comunicaci\u00f3n decidi\u00f3 compartir.<\/p>\n","protected":false},"author":2,"featured_media":86762,"comment_status":"closed","ping_status":"closed","sticky":false,"template":"","format":"standard","meta":{"footnotes":""},"categories":[2],"tags":[12],"class_list":["post-86761","post","type-post","status-publish","format-standard","has-post-thumbnail","hentry","category-informe-municipal","tag-buenos-aires"],"_links":{"self":[{"href":"http:\/\/argentinamunicipal.com.ar\/argentina\/wp-json\/wp\/v2\/posts\/86761","targetHints":{"allow":["GET"]}}],"collection":[{"href":"http:\/\/argentinamunicipal.com.ar\/argentina\/wp-json\/wp\/v2\/posts"}],"about":[{"href":"http:\/\/argentinamunicipal.com.ar\/argentina\/wp-json\/wp\/v2\/types\/post"}],"author":[{"embeddable":true,"href":"http:\/\/argentinamunicipal.com.ar\/argentina\/wp-json\/wp\/v2\/users\/2"}],"replies":[{"embeddable":true,"href":"http:\/\/argentinamunicipal.com.ar\/argentina\/wp-json\/wp\/v2\/comments?post=86761"}],"version-history":[{"count":0,"href":"http:\/\/argentinamunicipal.com.ar\/argentina\/wp-json\/wp\/v2\/posts\/86761\/revisions"}],"wp:featuredmedia":[{"embeddable":true,"href":"http:\/\/argentinamunicipal.com.ar\/argentina\/wp-json\/wp\/v2\/media\/86762"}],"wp:attachment":[{"href":"http:\/\/argentinamunicipal.com.ar\/argentina\/wp-json\/wp\/v2\/media?parent=86761"}],"wp:term":[{"taxonomy":"category","embeddable":true,"href":"http:\/\/argentinamunicipal.com.ar\/argentina\/wp-json\/wp\/v2\/categories?post=86761"},{"taxonomy":"post_tag","embeddable":true,"href":"http:\/\/argentinamunicipal.com.ar\/argentina\/wp-json\/wp\/v2\/tags?post=86761"}],"curies":[{"name":"wp","href":"https:\/\/api.w.org\/{rel}","templated":true}]}}