{"id":86802,"date":"2019-02-11T07:01:26","date_gmt":"2019-02-11T10:01:26","guid":{"rendered":"http:\/\/argentinamunicipal.com.ar\/argentina\/?p=86802"},"modified":"2019-02-11T07:01:26","modified_gmt":"2019-02-11T10:01:26","slug":"territorio-propiedad-patria","status":"publish","type":"post","link":"http:\/\/argentinamunicipal.com.ar\/argentina\/territorio-propiedad-patria\/","title":{"rendered":"Territorio, propiedad, Patria"},"content":{"rendered":"<p>Sabido es que hay pol\u00edticas imperiales que arrasan con todo, y que la mentira hoy es regla, pero tambi\u00e9n es verdad que cada vez es menos lo que se oculta y m\u00e1s lo que se sabe. Ah\u00ed est\u00e1 como prueba la ca\u00edda de circulaci\u00f3n de grandes diarios que, en su locura period\u00edstica de silenciar esc\u00e1ndalos del gobierno y negar o falsificar la realidad, pierden lectores y s\u00f3lo les quedan franjas etarias en extinci\u00f3n.<\/p>\n<p>Lo anterior es pertinente para reflexionar otra cuesti\u00f3n medular que ha sido y sigue siendo sistem\u00e1ticamente negada: la cuesti\u00f3n territorial.<\/p>\n<p>La propiedad privada y la p\u00fablica, y la casi eterna pugna entre superficie y subsuelo configuran un conflicto jur\u00eddico-pol\u00edtico que lleva m\u00e1s de cinco siglos y atraviesa toda nuestra historia constitucional.<\/p>\n<p>Este debate ha costado y cuesta fortunas al pa\u00eds, porque sigue invisibilizado todo lo que tiene que ver con la tierra y con el endiosado \u201ccampo\u201d, entelequia que no define nada y s\u00f3lo ha servido para convencer al pueblo argentino de una falacia: que \u201cel campo somos todos\u201d.<\/p>\n<p>Por eso en la propuesta de nueva Constituci\u00f3n, El Manifiesto Argentino plantea resolver la cuesti\u00f3n del territorio acabando, primero, con la negaci\u00f3n del latifundio porque esa invisibilizaci\u00f3n impide cuestionar el tama\u00f1o de las explotaciones agropecuarias, con todo lo que eso implica en materia fiscal, productiva y laboral. Y cuesti\u00f3n que analizamos con Pedro Peretti en el libro La Argentina agropecuaria. Propuestas para una agricultura nacional y popular de rostro humano, de pr\u00f3xima aparici\u00f3n con este diario.<\/p>\n<p>El asunto es grav\u00edsimo porque la inmensa mayor\u00eda de\u00a0l@s\u00a0argentin@s, incluyendo a casi toda la dirigencia pol\u00edtica, en materia de pol\u00edtica agraria y desde 1983 piensa y act\u00faa como si el latifundio no existiese.<\/p>\n<p>Incre\u00edblemente, y salvo raras excepciones, para nuestras dirigencias \u201ctener 100 mil hect\u00e1reas es ben\u00e9fico e inocuo y significa lo mismo que tener mil, cien o apenas diez hect\u00e1reas\u201d. Y lo peor es que muchos latifundios son producto de la reforma constitucional del 94, que transfiri\u00f3 los recursos naturales a las provincias, con lo que se dilapidaron millones de hect\u00e1reas gracias a decisiones de gobernadores dispendiosos con la tierra p\u00fablica.<\/p>\n<p>Partiendo de la definici\u00f3n del vocablo \u201cpatria\u201d \u2013que seg\u00fan el Diccionario de la Lengua Castellana es: \u201cTierra natal o adoptiva ordenada como naci\u00f3n, a la que se siente ligado el ser humano por v\u00ednculos jur\u00eddicos, hist\u00f3ricos y afectivos\u201d\u2013 y por ser nuestro territorio com\u00fan, desde 2002 y 2017 el Ideario de El MA declara en su punto 4\u00ba que: \u201cLos recursos naturales en todo el territorio argentino, en superficie y en subsuelo, son irrenunciables, indelegables e innegociables, y la prohibici\u00f3n de afectarlos como garant\u00eda de eventuales endeudamientos o negociaciones financieras tendr\u00e1 rango constitucional. El manejo y control de los recursos naturales es funci\u00f3n exclusiva del Estado Democr\u00e1tico\u201d.<\/p>\n<p>Consecuentemente, proponemos anular por DNU el antinacional r\u00e9gimen de extranjerizaci\u00f3n de tierras que el gobierno actual autoriz\u00f3 por decreto 820\/16. Y m\u00e1s a\u00fan, impulsamos \u201ccensar e inventariar todos los bienes p\u00fablicos nacionales, provinciales y municipales, muebles e inmuebles, de uso o de servicios, territoriales y edilicios, acu\u00e1ticos y del subsuelo\u201d, a fin de completar un Plan de Desarrollo Sustentable del Patrimonio Nacional capaz de prevenir desastres ambientales, prohibir toda deforestaci\u00f3n y contaminaci\u00f3n de aguas, etc.<\/p>\n<p>Pero eso es s\u00f3lo un lado de la cuesti\u00f3n. El otro es el subsuelo, que es una de las m\u00e1s antiguas disputas jur\u00eddicas del mundo y que tanto en la Europa colonialista como en la fundaci\u00f3n de los Estados Unidos, en el Siglo 18, fue tema de furibundos debates jur\u00eddico-ideol\u00f3gicos y no pocas guerras intestinas. Y tema que reflexion\u00f3 Alberdi sin cerrar el debate central: \u00bfEl territorio es solamente la superficie y lo que hay debajo es otra cosa? \u00bfEl derecho de propiedad incluye el derecho al subsuelo o refiere s\u00f3lo a la superficie?<\/p>\n<p>La doctrina es gigantesca, y los lobbies, desde hace dos siglos, incesantes. Asunto imposible de desarrollar aqu\u00ed y ahora, s\u00ed digamos que si la Constituci\u00f3n de 1853 no estableci\u00f3 la propiedad privada de las riquezas del subsuelo, s\u00ed lo permite ahora una cuestionable disposici\u00f3n del art\u00edculo 124 in fine de la de 1994: \u201cCorresponde a las provincias el dominio originario de los recursos naturales en su territorio\u201d. Este permiso ha sido aprovechado por algunos gobernadores provinciales que dieron autorizaciones sospechosas a multinacionales que hoy explotan, descontroladas, el subsuelo de la Patria.<\/p>\n<p>Para colmo, apenas iniciar su gesti\u00f3n el presidente Macri firm\u00f3 un DNU que permite a los deudores extranjeros cobrar sus acreencias en riquezas naturales y\/o territoriales. Semejante barbaridad llev\u00f3 a Eduardo Barcesat a formular una denuncia penal por traici\u00f3n a la Patria que seguro duerme en alg\u00fan despacho judicial amigo. Ese decreto puso y mantiene en peligro de apropiaci\u00f3n extranjera a todo el territorio nacional. Ya se habla de pagar \u201cdeuda\u201d con Vaca Muerta.<\/p>\n<p>Y al avance imparable de la miner\u00eda a cielo abierto (en La Rioja, Catamarca, Mendoza y San Juan, aunque se lo niegue, los da\u00f1os son palpables), ahora hay que sumar el reclamo de unas veinte comunidades originarias de la Puna juje\u00f1a, ante la explotaci\u00f3n destructora que lleva a cabo la empresa Integra Recursos Naturales S.A., que seg\u00fan datos tomados de la web fue fundada en abril de 2018 por los Sres. Jos\u00e9 Luis Manzano y Ricardo Nicol\u00e1s Mallo Huergo. Y que ocho meses despu\u00e9s, en diciembre pasado y por decreto del gobernador Gerardo Morales, fue autorizada a \u201cla prospecci\u00f3n, exploraci\u00f3n y explotaci\u00f3n de litio, potasio y boro en zonas geol\u00f3gico mineras ubicadas en Salinas Grandes, Laguna de Guayatayoc, y Salar de Jama\u201d. Con t\u00edpica prepotencia neoliberal, ya extraen litio en dicha laguna.<\/p>\n<p>Como se aprecia, el tema no es sencillo. Sobre todo porque \u2013la verdad sea dicha\u2013 es como que hoy en la Argentina no hay Estado.<\/p>\n<p>Por\u00a0Mempo Giardinelli<\/p>\n<h6>Fuente: P\u00e1gina 12<\/h6>\n","protected":false},"excerpt":{"rendered":"<p>Sabido es que hay pol\u00edticas imperiales que arrasan con todo, y que la mentira hoy es regla, pero tambi\u00e9n es verdad que cada vez es menos lo que se oculta y m\u00e1s lo que se sabe<\/p>\n","protected":false},"author":2,"featured_media":86803,"comment_status":"closed","ping_status":"closed","sticky":false,"template":"","format":"standard","meta":{"footnotes":""},"categories":[6],"tags":[21],"class_list":["post-86802","post","type-post","status-publish","format-standard","has-post-thumbnail","hentry","category-opiniones","tag-argentina"],"_links":{"self":[{"href":"http:\/\/argentinamunicipal.com.ar\/argentina\/wp-json\/wp\/v2\/posts\/86802","targetHints":{"allow":["GET"]}}],"collection":[{"href":"http:\/\/argentinamunicipal.com.ar\/argentina\/wp-json\/wp\/v2\/posts"}],"about":[{"href":"http:\/\/argentinamunicipal.com.ar\/argentina\/wp-json\/wp\/v2\/types\/post"}],"author":[{"embeddable":true,"href":"http:\/\/argentinamunicipal.com.ar\/argentina\/wp-json\/wp\/v2\/users\/2"}],"replies":[{"embeddable":true,"href":"http:\/\/argentinamunicipal.com.ar\/argentina\/wp-json\/wp\/v2\/comments?post=86802"}],"version-history":[{"count":0,"href":"http:\/\/argentinamunicipal.com.ar\/argentina\/wp-json\/wp\/v2\/posts\/86802\/revisions"}],"wp:featuredmedia":[{"embeddable":true,"href":"http:\/\/argentinamunicipal.com.ar\/argentina\/wp-json\/wp\/v2\/media\/86803"}],"wp:attachment":[{"href":"http:\/\/argentinamunicipal.com.ar\/argentina\/wp-json\/wp\/v2\/media?parent=86802"}],"wp:term":[{"taxonomy":"category","embeddable":true,"href":"http:\/\/argentinamunicipal.com.ar\/argentina\/wp-json\/wp\/v2\/categories?post=86802"},{"taxonomy":"post_tag","embeddable":true,"href":"http:\/\/argentinamunicipal.com.ar\/argentina\/wp-json\/wp\/v2\/tags?post=86802"}],"curies":[{"name":"wp","href":"https:\/\/api.w.org\/{rel}","templated":true}]}}