{"id":86823,"date":"2019-02-11T07:25:48","date_gmt":"2019-02-11T10:25:48","guid":{"rendered":"http:\/\/argentinamunicipal.com.ar\/argentina\/?p=86823"},"modified":"2019-02-11T07:25:48","modified_gmt":"2019-02-11T10:25:48","slug":"el-peronismo-volvio-a-juntarse-en-mar-del-plata-necesitamos-una-verdadera-alternativa-de-pais","status":"publish","type":"post","link":"http:\/\/argentinamunicipal.com.ar\/argentina\/el-peronismo-volvio-a-juntarse-en-mar-del-plata-necesitamos-una-verdadera-alternativa-de-pais\/","title":{"rendered":"El peronismo volvi\u00f3 a juntarse en Mar del Plata: \u201cnecesitamos una verdadera alternativa de pa\u00eds\u201d"},"content":{"rendered":"<p>De la mano del presidente del PJ, Fernando Gray, diferentes dirigentes del peronismo se dieron cita en el por ahora dif\u00edcil camino de establecer una amplia unidad para volver a ser gobierno en la provincia.<br \/>\nDesde el PJ bonaerense, aseguran seguir construyendo una \u201cunidad\u201d amplia que pueda poner nervioso al gobierno bonaerense en las futuras elecciones de este a\u00f1o.<\/p>\n<p>Claro, por ahora eso sigue siendo parte de aspiraciones que podr\u00edan concretarse a raz\u00f3n de lo que se pueda acomodar\u00a0\u201cdesde arriba\u201d.<\/p>\n<p>En esa l\u00ednea, el presidente del partido Justicialista de la provincia, Fernando Gray, encabez\u00f3 un nuevo encuentro en Mar del Plata y sostuvo que\u00a0\u201ces importante\u201d\u00a0que desde un comienzo se est\u00e9n pensando\u00a0\u201cpol\u00edticas p\u00fablicas como pol\u00edticas de Estado\u201d\u00a0en caso de que al peronismo le toque volver a gobernar.<\/p>\n<p>En la reaparici\u00f3n de algunos nombres, se destac\u00f3 la de ex diputado\u00a0Fernando \u201cChino\u201d Navarro.<\/p>\n<p>\u201cDesde el PJ bonaerense estamos trabajando en una verdadera alternativa de pa\u00eds y nos estamos nutriendo con propuestas de rectores de 15 universidades nacionales y equipos t\u00e9cnicos para constituir una oposici\u00f3n seria y responsable\u201d,\u00a0inform\u00f3 el intendente de Esteban Echeverr\u00eda, quien volvi\u00f3 a remarcar la necesidad de un consenso para\u00a0\u201cfortalecer\u201d\u00a0la oposici\u00f3n y formar un\u00a0\u201cgran frente electoral\u201d\u00a0contra la gobernadora Mar\u00eda Eugenia Vidal.<\/p>\n<p>De la jornada participaron V\u00edctor Santa Mar\u00eda, presidente del PJ Capital Federal; Ana Mar\u00eda Corradi, parlamentaria del MERCOSUR; Fernando \u00abChino\u00bb Navarro, integrante del Partido Justicialista Nacional; Carolina Papaleo; y Lucrecia Cardoso, dirigente del Peronismo de la Ciudad de Buenos Aires.<\/p>\n<p>Durante el encuentro, denominado \u00abIdeas para el debate y la militancia\u00bb, se presentaron cuadernillos de formaci\u00f3n pol\u00edtica realizados a partir del ciclo de debate que llev\u00f3 a cabo la Secretar\u00eda de Cultura del PJ Nacional, con el prop\u00f3sito de crear un espacio de debate, reflexi\u00f3n e intercambio de ideas en funci\u00f3n de generar propuestas comunes sobre diversas tem\u00e1ticas.<\/p>\n<h6>Fuente: InfoCielo<\/h6>\n","protected":false},"excerpt":{"rendered":"<p>De la mano del presidente del PJ, Fernando Gray, diferentes dirigentes del peronismo se dieron cita en el por ahora dif\u00edcil camino de establecer una amplia unidad para volver a ser gobierno en la provincia.<\/p>\n","protected":false},"author":2,"featured_media":86824,"comment_status":"closed","ping_status":"closed","sticky":false,"template":"","format":"standard","meta":{"footnotes":""},"categories":[4],"tags":[12],"class_list":["post-86823","post","type-post","status-publish","format-standard","has-post-thumbnail","hentry","category-informe-politico","tag-buenos-aires"],"_links":{"self":[{"href":"http:\/\/argentinamunicipal.com.ar\/argentina\/wp-json\/wp\/v2\/posts\/86823","targetHints":{"allow":["GET"]}}],"collection":[{"href":"http:\/\/argentinamunicipal.com.ar\/argentina\/wp-json\/wp\/v2\/posts"}],"about":[{"href":"http:\/\/argentinamunicipal.com.ar\/argentina\/wp-json\/wp\/v2\/types\/post"}],"author":[{"embeddable":true,"href":"http:\/\/argentinamunicipal.com.ar\/argentina\/wp-json\/wp\/v2\/users\/2"}],"replies":[{"embeddable":true,"href":"http:\/\/argentinamunicipal.com.ar\/argentina\/wp-json\/wp\/v2\/comments?post=86823"}],"version-history":[{"count":0,"href":"http:\/\/argentinamunicipal.com.ar\/argentina\/wp-json\/wp\/v2\/posts\/86823\/revisions"}],"wp:featuredmedia":[{"embeddable":true,"href":"http:\/\/argentinamunicipal.com.ar\/argentina\/wp-json\/wp\/v2\/media\/86824"}],"wp:attachment":[{"href":"http:\/\/argentinamunicipal.com.ar\/argentina\/wp-json\/wp\/v2\/media?parent=86823"}],"wp:term":[{"taxonomy":"category","embeddable":true,"href":"http:\/\/argentinamunicipal.com.ar\/argentina\/wp-json\/wp\/v2\/categories?post=86823"},{"taxonomy":"post_tag","embeddable":true,"href":"http:\/\/argentinamunicipal.com.ar\/argentina\/wp-json\/wp\/v2\/tags?post=86823"}],"curies":[{"name":"wp","href":"https:\/\/api.w.org\/{rel}","templated":true}]}}