{"id":86832,"date":"2019-02-11T07:35:31","date_gmt":"2019-02-11T10:35:31","guid":{"rendered":"http:\/\/argentinamunicipal.com.ar\/argentina\/?p=86832"},"modified":"2019-02-11T07:35:31","modified_gmt":"2019-02-11T10:35:31","slug":"crisis-laboral-las-empresas-despidieron-sin-causa-a-90-personas-cada-24-horas-en-los-ultimos-meses","status":"publish","type":"post","link":"http:\/\/argentinamunicipal.com.ar\/argentina\/crisis-laboral-las-empresas-despidieron-sin-causa-a-90-personas-cada-24-horas-en-los-ultimos-meses\/","title":{"rendered":"Crisis laboral: las empresas despidieron sin causa a 90 personas cada 24 horas en los \u00faltimos meses"},"content":{"rendered":"<p>Por el decreto 1043 de noviembre del a\u00f1o pasado, las compa\u00f1\u00edas deben notificar al Ministerio de Trabajo las desvinculaciones con un plazo no menor a los 10 d\u00edas h\u00e1biles. Seg\u00fan el registro, fueron 7.666 las bajas en 1.924 empresas.<\/p>\n<p>En noviembre de 2018 el Gobierno oblig\u00f3 a las empresas privadas a pagar un bono de cinco mil pesos y lanz\u00f3 el decreto 1043 por el cual deb\u00edan notificar al Ministerio de Trabajo\u00a0de las desvinculaciones sin causa con un plazo no menor a 10 d\u00edas para convocar a una audiencia conciliatoria.<\/p>\n<p>Seg\u00fan tal informaci\u00f3n\u00a0en los \u00faltimos tres meses fueron 7.666 las bajas registradas en 1.924 empresas del sector privado. Sin embargo desde la cartera aseguraron que tales n\u00fameros\u00a0\u00abforman parte del conjunto de desvinculaciones y vinculaciones habituales que tienen lugar todos los meses en el mercado de trabajo\u00bb,\u00a0y agregaron que \u00abhasta diciembre, no existe una variaci\u00f3n en la cantidad de despidos sin causa seg\u00fan los datos relevados por el Ministerio de Producci\u00f3n y Trabajo\u00bb.<\/p>\n<p>Lo que agrava m\u00e1s la situaci\u00f3n es que las mismas compa\u00f1\u00edas no est\u00e1n contratando personal, por lo que la tasa de empleo disminuye considerablemente.<\/p>\n<p>Tal como detall\u00f3 INFOCIELO,\u00a0un informe elaborado por el Centro de Econom\u00eda Pol\u00edtica Argentina (CEPA) se\u00f1al\u00f3 que los despidos y suspensiones en el 2018 crecieron un 91 por ciento con respecto al 2017.\u00a0Adem\u00e1s, durante el bimestre noviembre-diciembre, los sectores industrial y de servicios son los que mayor \u00edndice de despidos registraron con un 81% de los casos.<\/p>\n<p>Contra los 36.534 despidos y suspensiones que hubo en 2017, la devaluaci\u00f3n, la ca\u00edda de la producci\u00f3n y el ajuste aumentaron ese n\u00famero a 69.696 en todo el 2018.\u00a0Siempre seg\u00fan el informe del Centro dirigido por Hern\u00e1n Letcher, el promedio de despidos y suspensiones por mes durante el a\u00f1o pasado fue de 5.800.<\/p>\n<p>Asimismo, cabe recordar que los \u00faltimos n\u00fameros oficiales difundidos por el Instituto Nacional de Estad\u00edsticas y Censos (INDEC) son del tercer trimestre del a\u00f1o pasado, cuando el desempleo mostraba un incremento del 8,3% al 9%, lo que implic\u00f3 167.500 desocupados m\u00e1s hasta ese momento.<\/p>\n<h6>Fuente: InfoCielo<\/h6>\n","protected":false},"excerpt":{"rendered":"<p>Por el decreto 1043 de noviembre del a\u00f1o pasado, las compa\u00f1\u00edas deben notificar al Ministerio de Trabajo las desvinculaciones con un plazo no menor a los 10 d\u00edas h\u00e1biles. Seg\u00fan el registro, fueron 7.666 las bajas en 1.924 empresas.<\/p>\n","protected":false},"author":2,"featured_media":86833,"comment_status":"closed","ping_status":"closed","sticky":false,"template":"","format":"standard","meta":{"footnotes":""},"categories":[8],"tags":[21],"class_list":["post-86832","post","type-post","status-publish","format-standard","has-post-thumbnail","hentry","category-informe-nacional","tag-argentina"],"_links":{"self":[{"href":"http:\/\/argentinamunicipal.com.ar\/argentina\/wp-json\/wp\/v2\/posts\/86832","targetHints":{"allow":["GET"]}}],"collection":[{"href":"http:\/\/argentinamunicipal.com.ar\/argentina\/wp-json\/wp\/v2\/posts"}],"about":[{"href":"http:\/\/argentinamunicipal.com.ar\/argentina\/wp-json\/wp\/v2\/types\/post"}],"author":[{"embeddable":true,"href":"http:\/\/argentinamunicipal.com.ar\/argentina\/wp-json\/wp\/v2\/users\/2"}],"replies":[{"embeddable":true,"href":"http:\/\/argentinamunicipal.com.ar\/argentina\/wp-json\/wp\/v2\/comments?post=86832"}],"version-history":[{"count":0,"href":"http:\/\/argentinamunicipal.com.ar\/argentina\/wp-json\/wp\/v2\/posts\/86832\/revisions"}],"wp:featuredmedia":[{"embeddable":true,"href":"http:\/\/argentinamunicipal.com.ar\/argentina\/wp-json\/wp\/v2\/media\/86833"}],"wp:attachment":[{"href":"http:\/\/argentinamunicipal.com.ar\/argentina\/wp-json\/wp\/v2\/media?parent=86832"}],"wp:term":[{"taxonomy":"category","embeddable":true,"href":"http:\/\/argentinamunicipal.com.ar\/argentina\/wp-json\/wp\/v2\/categories?post=86832"},{"taxonomy":"post_tag","embeddable":true,"href":"http:\/\/argentinamunicipal.com.ar\/argentina\/wp-json\/wp\/v2\/tags?post=86832"}],"curies":[{"name":"wp","href":"https:\/\/api.w.org\/{rel}","templated":true}]}}