{"id":86838,"date":"2019-02-11T07:42:58","date_gmt":"2019-02-11T10:42:58","guid":{"rendered":"http:\/\/argentinamunicipal.com.ar\/argentina\/?p=86838"},"modified":"2019-02-11T07:42:58","modified_gmt":"2019-02-11T10:42:58","slug":"por-la-crisis-cerro-una-historica-libreria-de-banfield-si-hubiesen-leido-mas-libros-no-votaban-esto","status":"publish","type":"post","link":"http:\/\/argentinamunicipal.com.ar\/argentina\/por-la-crisis-cerro-una-historica-libreria-de-banfield-si-hubiesen-leido-mas-libros-no-votaban-esto\/","title":{"rendered":"Por la crisis, cerr\u00f3 una hist\u00f3rica librer\u00eda de Banfield: \u201cSi hubiesen le\u00eddo m\u00e1s libros, no votaban esto\u201d"},"content":{"rendered":"<p>A mediados de enero, luego de m\u00e1s de treinta a\u00f1os de atenci\u00f3n al p\u00fablico, \u201cSancho\u201d cerr\u00f3 sus puertas. Durante los \u00faltimos meses, su due\u00f1o no pudo recuperarse de la crisis econ\u00f3mica que afect\u00f3 a la industria de los libros y, quienes se acercaron al local, se encontraron con un particular mensaje pegado en su puerta.<\/p>\n<p>Cerr\u00f3 \u201cSancho\u201d, una emblem\u00e1tica librer\u00eda de Banfield, tras treinta a\u00f1os ininterrumpidos de atenci\u00f3n al p\u00fablico. El local se encuentra ubicado en\u00a0Maip\u00fa al 300.<\/p>\n<p>Los vecinos que se acercaron al lugar se encontraron con un particular mensaje pegado en la puerta:\u00a0\u00abBanfilenses: si hubieran comprado y le\u00eddo m\u00e1s libros, no votaban esto\u00bb.<\/p>\n<p>Seg\u00fan detall\u00f3 su due\u00f1o,\u00a0Diego Moya, el local baj\u00f3 la persiana a mediados de enero a causa de la crisis econ\u00f3mica que atraviesa el pa\u00eds.\u00a0A lo largo del 2018 los problemas econ\u00f3micos fueron una constante hasta que la situaci\u00f3n se volvi\u00f3 lamentablemente insostenible.<\/p>\n<h6>Fuente: InfoCielo<\/h6>\n","protected":false},"excerpt":{"rendered":"<p>A mediados de enero, luego de m\u00e1s de treinta a\u00f1os de atenci\u00f3n al p\u00fablico, \u201cSancho\u201d cerr\u00f3 sus puertas. Durante los \u00faltimos meses, su due\u00f1o no pudo recuperarse de la crisis econ\u00f3mica que afect\u00f3 a la industria de los libros<\/p>\n","protected":false},"author":2,"featured_media":86839,"comment_status":"closed","ping_status":"closed","sticky":false,"template":"","format":"standard","meta":{"footnotes":""},"categories":[2],"tags":[12],"class_list":["post-86838","post","type-post","status-publish","format-standard","has-post-thumbnail","hentry","category-informe-municipal","tag-buenos-aires"],"_links":{"self":[{"href":"http:\/\/argentinamunicipal.com.ar\/argentina\/wp-json\/wp\/v2\/posts\/86838","targetHints":{"allow":["GET"]}}],"collection":[{"href":"http:\/\/argentinamunicipal.com.ar\/argentina\/wp-json\/wp\/v2\/posts"}],"about":[{"href":"http:\/\/argentinamunicipal.com.ar\/argentina\/wp-json\/wp\/v2\/types\/post"}],"author":[{"embeddable":true,"href":"http:\/\/argentinamunicipal.com.ar\/argentina\/wp-json\/wp\/v2\/users\/2"}],"replies":[{"embeddable":true,"href":"http:\/\/argentinamunicipal.com.ar\/argentina\/wp-json\/wp\/v2\/comments?post=86838"}],"version-history":[{"count":0,"href":"http:\/\/argentinamunicipal.com.ar\/argentina\/wp-json\/wp\/v2\/posts\/86838\/revisions"}],"wp:featuredmedia":[{"embeddable":true,"href":"http:\/\/argentinamunicipal.com.ar\/argentina\/wp-json\/wp\/v2\/media\/86839"}],"wp:attachment":[{"href":"http:\/\/argentinamunicipal.com.ar\/argentina\/wp-json\/wp\/v2\/media?parent=86838"}],"wp:term":[{"taxonomy":"category","embeddable":true,"href":"http:\/\/argentinamunicipal.com.ar\/argentina\/wp-json\/wp\/v2\/categories?post=86838"},{"taxonomy":"post_tag","embeddable":true,"href":"http:\/\/argentinamunicipal.com.ar\/argentina\/wp-json\/wp\/v2\/tags?post=86838"}],"curies":[{"name":"wp","href":"https:\/\/api.w.org\/{rel}","templated":true}]}}