{"id":86841,"date":"2019-02-11T05:43:25","date_gmt":"2019-02-11T08:43:25","guid":{"rendered":"http:\/\/argentinamunicipal.com.ar\/argentina\/?p=86841"},"modified":"2019-02-11T07:45:59","modified_gmt":"2019-02-11T10:45:59","slug":"a-seis-meses-de-su-inauguracion-las-huertas-comunitarias-de-mar-del-plata-estan-llenas-de-basura","status":"publish","type":"post","link":"http:\/\/argentinamunicipal.com.ar\/argentina\/a-seis-meses-de-su-inauguracion-las-huertas-comunitarias-de-mar-del-plata-estan-llenas-de-basura\/","title":{"rendered":"A seis meses de su inauguraci\u00f3n, las huertas comunitarias de Mar del Plata est\u00e1n llenas de basura"},"content":{"rendered":"<p>El intendente Carlos Arroyo hab\u00eda presentado un proyecto para convertir a cada terreno bald\u00edo en una huerta comunitaria. Sin control ni presupuesto, seis meses despu\u00e9s volvieron a estar llenas de basura y de pastizales. \u201cCon esto se tiene que terminar el hambre\u201d, hab\u00eda dicho.<\/p>\n<p>Seis meses despu\u00e9s de que el intendente\u00a0Carlos Arroyo\u00a0sorprendiera a todos con la orden de convertir en huertas a cada terreno bald\u00edo de la ciudad, en la tierra no se avizoran verduras sino pastizales y basura.<\/p>\n<p>La medida del gobierno municipal hab\u00eda sido una decisi\u00f3n unilateral de Arroyo y tanto desde la oposici\u00f3n como vecinos de la localidad, creen que la propuesta fue\u00a0\u201cm\u00e1s para la foto\u201d\u00a0que para concretar un proyecto real de producci\u00f3n comunitaria de alimentos. El objetivo no pudo ser cumplido siquiera para festejar los 145 a\u00f1os de la ciudad.<\/p>\n<p>De hecho, hay un dato elocuente de la desidia que se tuvo a la hora de planificar la pol\u00edtica: el cartel que anunciaba la huerta vecinal en el barrio Las Heras, fue robado dos semanas despu\u00e9s de que Arroyo inaugurara el proyecto.<\/p>\n<p>El capricho\u00a0de Arroyo hab\u00eda estado acompa\u00f1ado por referentes de iglesias evang\u00e9licas y representantes del Instituto Nacional de Tecnolog\u00eda Agropecuaria (INTA). De la misma manera, el intendente hab\u00eda dejado en claro que considerar\u00eda una\u00a0\u201cfalta grave\u201d\u00a0no cumplir con la orden de convertir a cada terreno bald\u00edo en una huerta.<\/p>\n<p>Seis meses despu\u00e9s,\u00a0los resultados est\u00e1n a la vista.<\/p>\n<p>\u201cQuiero que Mar del Plata sea una gran huerta comunitaria, para que nuestra gente tenga alimentos, pero sobre todo para que nuestros j\u00f3venes puedan tener acceso a un trabajo, a conocer la tierra y recuperar valores que se han perdido\u201d,\u00a0manifest\u00f3 el intendente el d\u00eda de la inauguraci\u00f3n de la primera huerta en el barrio Las Heras.<\/p>\n<p>All\u00ed, el mandatario dej\u00f3 una frase que pint\u00f3 de cuerpo entero su visi\u00f3n sobre el tema: \u201cCon esto se tiene que terminar el hambre en Mar del Plata\u201d,\u00a0hab\u00eda expresado.<\/p>\n<p>Los vecinos y vecinas del lugar, no solo creen que de esta manera se iba a poder terminar con el hambre, sino que \u2013lejos de rechazar al proyecto- consideran que \u201cArroyo se sac\u00f3 la foto, habl\u00f3 de la huerta y dej\u00f3 un bald\u00edo lleno de basura\u201d.<\/p>\n<h6>Fuente: InfoCielo<\/h6>\n","protected":false},"excerpt":{"rendered":"<p>El intendente Carlos Arroyo hab\u00eda presentado un proyecto para convertir a cada terreno bald\u00edo en una huerta comunitaria. Sin control ni presupuesto, seis meses despu\u00e9s volvieron a estar llenas de basura y de pastizales.<\/p>\n","protected":false},"author":2,"featured_media":86842,"comment_status":"closed","ping_status":"closed","sticky":false,"template":"","format":"standard","meta":{"footnotes":""},"categories":[2],"tags":[12],"class_list":["post-86841","post","type-post","status-publish","format-standard","has-post-thumbnail","hentry","category-informe-municipal","tag-buenos-aires"],"_links":{"self":[{"href":"http:\/\/argentinamunicipal.com.ar\/argentina\/wp-json\/wp\/v2\/posts\/86841","targetHints":{"allow":["GET"]}}],"collection":[{"href":"http:\/\/argentinamunicipal.com.ar\/argentina\/wp-json\/wp\/v2\/posts"}],"about":[{"href":"http:\/\/argentinamunicipal.com.ar\/argentina\/wp-json\/wp\/v2\/types\/post"}],"author":[{"embeddable":true,"href":"http:\/\/argentinamunicipal.com.ar\/argentina\/wp-json\/wp\/v2\/users\/2"}],"replies":[{"embeddable":true,"href":"http:\/\/argentinamunicipal.com.ar\/argentina\/wp-json\/wp\/v2\/comments?post=86841"}],"version-history":[{"count":0,"href":"http:\/\/argentinamunicipal.com.ar\/argentina\/wp-json\/wp\/v2\/posts\/86841\/revisions"}],"wp:featuredmedia":[{"embeddable":true,"href":"http:\/\/argentinamunicipal.com.ar\/argentina\/wp-json\/wp\/v2\/media\/86842"}],"wp:attachment":[{"href":"http:\/\/argentinamunicipal.com.ar\/argentina\/wp-json\/wp\/v2\/media?parent=86841"}],"wp:term":[{"taxonomy":"category","embeddable":true,"href":"http:\/\/argentinamunicipal.com.ar\/argentina\/wp-json\/wp\/v2\/categories?post=86841"},{"taxonomy":"post_tag","embeddable":true,"href":"http:\/\/argentinamunicipal.com.ar\/argentina\/wp-json\/wp\/v2\/tags?post=86841"}],"curies":[{"name":"wp","href":"https:\/\/api.w.org\/{rel}","templated":true}]}}