{"id":86847,"date":"2019-02-11T05:49:41","date_gmt":"2019-02-11T08:49:41","guid":{"rendered":"http:\/\/argentinamunicipal.com.ar\/argentina\/?p=86847"},"modified":"2019-02-11T08:00:24","modified_gmt":"2019-02-11T11:00:24","slug":"hartos-de-sus-vacaciones-vecinos-de-chapadmalal-criticaron-que-macri-haya-hecho-de-chapadmalal-un-bunker","status":"publish","type":"post","link":"http:\/\/argentinamunicipal.com.ar\/argentina\/hartos-de-sus-vacaciones-vecinos-de-chapadmalal-criticaron-que-macri-haya-hecho-de-chapadmalal-un-bunker\/","title":{"rendered":"Hartos de sus vacaciones, vecinos de Chapadmalal criticaron que Macri haya hecho de Chapadmalal un \u201cbunker\u201d"},"content":{"rendered":"<p>Cientos de vecinos de la localidad costera se manifestaron frente al Complejo donde el Presidente pasa un nuevo fin de semana de descanso y celebra su cumplea\u00f1os. \u201cFuera, gato, fuera\u201d, fue la canci\u00f3n de protesta.<\/p>\n<p>Con el lema \u201cTurismo s\u00ed, bunker no\u201d, cientos de vecinos de Chapadmalal repudiaron el mega operativo de seguridad que se realiza cada vez que el presidente\u00a0Mauricio Macri\u00a0vacaciona en el Complejo Tur\u00edstico de la localidad.<\/p>\n<p>\u201cHay m\u00e1s polic\u00edas que vecinos\u201d expresaron los manifestantes, seg\u00fan consign\u00f3 el portal marplatense\u00a00223. Hablaron de una \u201cmilitarizaci\u00f3n de la zona\u201d\u00a0durante el fin de semana en el que\u00a0Macri\u00a0celebra su cumplea\u00f1os n\u00famero 60.<\/p>\n<p>Mauricio Macri\u00a0culmin\u00f3 sus actividades oficiales el viernes y se dirigi\u00f3 inmediatamente a la localidad costera de la provincia de Buenos Aires donde suele pasar sus frecuentes fines de semana libres.<\/p>\n<p>El hit de la jornada de protesta que comenz\u00f3 al mediod\u00eda rezaba \u201cFuera, gato, fuera\u201d. Adem\u00e1s, los reclamos locales se mezclaron con repudios a la pol\u00edtica econ\u00f3mica del gobierno nacional, fundamentalmente contra los tarifazos.<\/p>\n<p>La \u00faltima vez que el Presidente se tom\u00f3 unos d\u00edas de descanso en Chapadmalal fue a fines de enero. Ya lleva m\u00e1s de 120 d\u00edas de vacaciones desde que asumi\u00f3 su mandato en diciembre de 2015, lo que representa m\u00e1s de cuarenta d\u00edas al a\u00f1o.<\/p>\n<h6>Fuente: InfoCielo<\/h6>\n","protected":false},"excerpt":{"rendered":"<p>Cientos de vecinos de la localidad costera se manifestaron frente al Complejo donde el Presidente pasa un nuevo fin de semana de descanso y celebra su cumplea\u00f1os. \u201cFuera, gato, fuera\u201d, fue la canci\u00f3n de protesta.<\/p>\n","protected":false},"author":2,"featured_media":86848,"comment_status":"closed","ping_status":"closed","sticky":false,"template":"","format":"standard","meta":{"footnotes":""},"categories":[2],"tags":[12],"class_list":["post-86847","post","type-post","status-publish","format-standard","has-post-thumbnail","hentry","category-informe-municipal","tag-buenos-aires"],"_links":{"self":[{"href":"http:\/\/argentinamunicipal.com.ar\/argentina\/wp-json\/wp\/v2\/posts\/86847","targetHints":{"allow":["GET"]}}],"collection":[{"href":"http:\/\/argentinamunicipal.com.ar\/argentina\/wp-json\/wp\/v2\/posts"}],"about":[{"href":"http:\/\/argentinamunicipal.com.ar\/argentina\/wp-json\/wp\/v2\/types\/post"}],"author":[{"embeddable":true,"href":"http:\/\/argentinamunicipal.com.ar\/argentina\/wp-json\/wp\/v2\/users\/2"}],"replies":[{"embeddable":true,"href":"http:\/\/argentinamunicipal.com.ar\/argentina\/wp-json\/wp\/v2\/comments?post=86847"}],"version-history":[{"count":0,"href":"http:\/\/argentinamunicipal.com.ar\/argentina\/wp-json\/wp\/v2\/posts\/86847\/revisions"}],"wp:featuredmedia":[{"embeddable":true,"href":"http:\/\/argentinamunicipal.com.ar\/argentina\/wp-json\/wp\/v2\/media\/86848"}],"wp:attachment":[{"href":"http:\/\/argentinamunicipal.com.ar\/argentina\/wp-json\/wp\/v2\/media?parent=86847"}],"wp:term":[{"taxonomy":"category","embeddable":true,"href":"http:\/\/argentinamunicipal.com.ar\/argentina\/wp-json\/wp\/v2\/categories?post=86847"},{"taxonomy":"post_tag","embeddable":true,"href":"http:\/\/argentinamunicipal.com.ar\/argentina\/wp-json\/wp\/v2\/tags?post=86847"}],"curies":[{"name":"wp","href":"https:\/\/api.w.org\/{rel}","templated":true}]}}