{"id":86850,"date":"2019-02-11T08:07:52","date_gmt":"2019-02-11T11:07:52","guid":{"rendered":"http:\/\/argentinamunicipal.com.ar\/argentina\/?p=86850"},"modified":"2019-02-11T08:07:52","modified_gmt":"2019-02-11T11:07:52","slug":"5-fiesta-del-vino-y-la-vid-en-villa-ciudad-parque-calamuchita","status":"publish","type":"post","link":"http:\/\/argentinamunicipal.com.ar\/argentina\/5-fiesta-del-vino-y-la-vid-en-villa-ciudad-parque-calamuchita\/","title":{"rendered":"5\u00b0 Fiesta del vino y la vid en Villa Ciudad Parque Calamuchita"},"content":{"rendered":"<p>El pr\u00f3ximo s\u00e1bado 16 de febrero, en la localidad de Villa Ciudad Parque \u2013 Valle de Calamuchita, se realizar\u00e1 la 5\u00b0 Fiesta del Vino y la Vid.<\/p>\n<p>La celebraci\u00f3n tendr\u00e1 lugar en la Bodega Vista Grande, a partir de las 11.30 horas (Ruta 5 Km 67,5). La quinta edici\u00f3n contar\u00e1 con la participaci\u00f3n de Bodegas del Valle de Calamuchita para las degustaciones, a su vez se realizar\u00e1n clase de cocina y maridaje, el tradicional pisado de la uva, y la participaci\u00f3n de las siguientes bandas: Soul Touch, Cuarter Tango y Philharmonie.<\/p>\n<p>El valor de la entrada es de $250 y anticipada en la Oficina de Turismo $200.\u00a0Por consultas y reservas comunicarse al: +54 9 (3546) 545 6170 (Whatsapp)\u00a0Por servicio de traslado desde C\u00f3rdoba \u2013 Empresa C\u00f3rdoba WineTravel: +54 9 351 6839675<\/p>\n<h6>Fuente: El Diario de Carlos Paz<\/h6>\n","protected":false},"excerpt":{"rendered":"<p>El pr\u00f3ximo s\u00e1bado 16 de febrero, en la localidad de Villa Ciudad Parque \u2013 Valle de Calamuchita, se realizar\u00e1 la 5\u00b0 Fiesta del Vino y la Vid.<\/p>\n","protected":false},"author":2,"featured_media":86851,"comment_status":"closed","ping_status":"closed","sticky":false,"template":"","format":"standard","meta":{"footnotes":""},"categories":[47],"tags":[3],"class_list":["post-86850","post","type-post","status-publish","format-standard","has-post-thumbnail","hentry","category-fiestas","tag-cordoba"],"_links":{"self":[{"href":"http:\/\/argentinamunicipal.com.ar\/argentina\/wp-json\/wp\/v2\/posts\/86850","targetHints":{"allow":["GET"]}}],"collection":[{"href":"http:\/\/argentinamunicipal.com.ar\/argentina\/wp-json\/wp\/v2\/posts"}],"about":[{"href":"http:\/\/argentinamunicipal.com.ar\/argentina\/wp-json\/wp\/v2\/types\/post"}],"author":[{"embeddable":true,"href":"http:\/\/argentinamunicipal.com.ar\/argentina\/wp-json\/wp\/v2\/users\/2"}],"replies":[{"embeddable":true,"href":"http:\/\/argentinamunicipal.com.ar\/argentina\/wp-json\/wp\/v2\/comments?post=86850"}],"version-history":[{"count":0,"href":"http:\/\/argentinamunicipal.com.ar\/argentina\/wp-json\/wp\/v2\/posts\/86850\/revisions"}],"wp:featuredmedia":[{"embeddable":true,"href":"http:\/\/argentinamunicipal.com.ar\/argentina\/wp-json\/wp\/v2\/media\/86851"}],"wp:attachment":[{"href":"http:\/\/argentinamunicipal.com.ar\/argentina\/wp-json\/wp\/v2\/media?parent=86850"}],"wp:term":[{"taxonomy":"category","embeddable":true,"href":"http:\/\/argentinamunicipal.com.ar\/argentina\/wp-json\/wp\/v2\/categories?post=86850"},{"taxonomy":"post_tag","embeddable":true,"href":"http:\/\/argentinamunicipal.com.ar\/argentina\/wp-json\/wp\/v2\/tags?post=86850"}],"curies":[{"name":"wp","href":"https:\/\/api.w.org\/{rel}","templated":true}]}}