{"id":86866,"date":"2019-02-13T06:39:47","date_gmt":"2019-02-13T09:39:47","guid":{"rendered":"http:\/\/argentinamunicipal.com.ar\/argentina\/?p=86866"},"modified":"2019-02-13T06:39:47","modified_gmt":"2019-02-13T09:39:47","slug":"atajando-penales-stanley-ya-se-cubre-y-anticipa-un-indice-de-pobreza-un-poco-peor","status":"publish","type":"post","link":"http:\/\/argentinamunicipal.com.ar\/argentina\/atajando-penales-stanley-ya-se-cubre-y-anticipa-un-indice-de-pobreza-un-poco-peor\/","title":{"rendered":"Atajando penales: Stanley ya se cubre y anticipa un \u00edndice de pobreza \u00abun poco peor\u00bb"},"content":{"rendered":"<p>La ministra de Salud y Desarrollo Social anticip\u00f3 que la pobreza se\u00f1alada por el INDEC en marzo ser\u00e1 mayor al 27,3. Afirm\u00f3 \u00abvamos a esperar los n\u00fameros que d\u00e9 el INDEC y en ese momento hablaremos y explicaremos c\u00f3mo seguiremos\u00bb.<\/p>\n<p>Mientras varios especialistas aseguran\u00a0que la \u00abverdadera pobreza\u00bb en Argentina roza el 50%, con datos que suman los de INDEC y los subsidiados por planes sociales,\u00a0funcionarios gubernamentales ya se atajan y anticipan un marzo de terror en referencia a las pr\u00f3ximas estad\u00edsticas.<\/p>\n<p>Aseguraron que el pr\u00f3ximo \u00edndice de pobreza que publicar\u00e1\u00a0el INDEC en marzo ser\u00e1 \u00abun poco peor\u00bb al \u00faltimo registro del 27,3 por ciento.\u00a0As\u00ed lo sostuvo la ministra de Salud y Desarrollo Social, Carolina Stanley.<\/p>\n<p>\u00abYa lo dijo el presidente, con el impacto de la inflaci\u00f3n y algunas medidas econ\u00f3micas claramente puede ser un \u00edndice que d\u00e9 un poco peor que el ultimo que se anunci\u00f3\u00bb, afirm\u00f3 Stanley.<\/p>\n<p>Lejanos del rol de funcionarios y casi como pseudocomentaristas de la actualidad, miembros del Ejecutivo nacional realizan observaciones pero no anuncian c\u00f3mo van a solucionar los problemas cotidianos que atraviesan los ciudadanos.<\/p>\n<p>Stanley tambi\u00e9n se ocup\u00f3 de aclarar sobre versiones en las que\u00a0el INDEC realizar\u00eda cambios en los sistemas de medici\u00f3n de la pobreza, con el fin de maquillar los n\u00fameros.<\/p>\n<p>Stanley dijo que \u00absiempre buscamos transparentar los datos y hablar con la verdad para transformar la realidad\u00bb (sic).<\/p>\n<p>Dijo que\u00a0\u00absiempre se trabaj\u00f3 con la mirada multidimensional de la pobreza y la posibilidad concreta, en conjunto con el INDEC de ver si se puede crear un \u00edndice, que mida la pobreza de esta manera\u00bb.<\/p>\n<p>Agreg\u00f3 que \u00ablo que hace el INDEC de medici\u00f3n de la pobreza es el \u00edndice que respetamos, que valoramos y a trav\u00e9s de \u00e9l seguimos midiendo la pobreza\u00bb.<\/p>\n<p>La ministra afirm\u00f3\u00a0\u00abvamos a esperar los n\u00fameros que d\u00e9 el INDEC y en ese momento hablaremos y explicaremos como seguiremos trabajando\u00bb.<\/p>\n<h6>Fuente: InfoNews<\/h6>\n","protected":false},"excerpt":{"rendered":"<p>La ministra de Salud y Desarrollo Social anticip\u00f3 que la pobreza se\u00f1alada por el INDEC en marzo ser\u00e1 mayor al 27,3. Afirm\u00f3 \u00abvamos a esperar los n\u00fameros que d\u00e9 el INDEC y en ese momento hablaremos y explicaremos c\u00f3mo seguiremos\u00bb.<\/p>\n","protected":false},"author":2,"featured_media":86867,"comment_status":"closed","ping_status":"closed","sticky":false,"template":"","format":"standard","meta":{"footnotes":""},"categories":[8],"tags":[21],"class_list":["post-86866","post","type-post","status-publish","format-standard","has-post-thumbnail","hentry","category-informe-nacional","tag-argentina"],"_links":{"self":[{"href":"http:\/\/argentinamunicipal.com.ar\/argentina\/wp-json\/wp\/v2\/posts\/86866","targetHints":{"allow":["GET"]}}],"collection":[{"href":"http:\/\/argentinamunicipal.com.ar\/argentina\/wp-json\/wp\/v2\/posts"}],"about":[{"href":"http:\/\/argentinamunicipal.com.ar\/argentina\/wp-json\/wp\/v2\/types\/post"}],"author":[{"embeddable":true,"href":"http:\/\/argentinamunicipal.com.ar\/argentina\/wp-json\/wp\/v2\/users\/2"}],"replies":[{"embeddable":true,"href":"http:\/\/argentinamunicipal.com.ar\/argentina\/wp-json\/wp\/v2\/comments?post=86866"}],"version-history":[{"count":0,"href":"http:\/\/argentinamunicipal.com.ar\/argentina\/wp-json\/wp\/v2\/posts\/86866\/revisions"}],"wp:featuredmedia":[{"embeddable":true,"href":"http:\/\/argentinamunicipal.com.ar\/argentina\/wp-json\/wp\/v2\/media\/86867"}],"wp:attachment":[{"href":"http:\/\/argentinamunicipal.com.ar\/argentina\/wp-json\/wp\/v2\/media?parent=86866"}],"wp:term":[{"taxonomy":"category","embeddable":true,"href":"http:\/\/argentinamunicipal.com.ar\/argentina\/wp-json\/wp\/v2\/categories?post=86866"},{"taxonomy":"post_tag","embeddable":true,"href":"http:\/\/argentinamunicipal.com.ar\/argentina\/wp-json\/wp\/v2\/tags?post=86866"}],"curies":[{"name":"wp","href":"https:\/\/api.w.org\/{rel}","templated":true}]}}