{"id":86869,"date":"2019-02-13T06:44:33","date_gmt":"2019-02-13T09:44:33","guid":{"rendered":"http:\/\/argentinamunicipal.com.ar\/argentina\/?p=86869"},"modified":"2019-02-13T06:44:33","modified_gmt":"2019-02-13T09:44:33","slug":"las-familias-bien","status":"publish","type":"post","link":"http:\/\/argentinamunicipal.com.ar\/argentina\/las-familias-bien\/","title":{"rendered":"Las familias bien"},"content":{"rendered":"<p>El radical Gerardo Morales, gobernador de Jujuy, adjudic\u00f3 al fiscal federal Carlos Stornelli el eventual inter\u00e9s de adoptar a la beb\u00e9 (finalmente fallecida) de la ni\u00f1a de 12 a\u00f1os que hab\u00eda sido violada y forzada a ser madre por medio de una ces\u00e1rea.<\/p>\n<p>Inicialmente, Morales expres\u00f3 que una \u201cfamilia importante\u201d estaba interesada en la adopci\u00f3n de la beb\u00e9 y posteriormente aclar\u00f3 que \u201cno hablaba de plata\u201d sino que se trataba de \u201cuna persona que tiene una familia constituida, consolidada\u201d.<\/p>\n<p>M\u00e1s tarde confirm\u00f3 que esa persona era Stornelli (quien no vive en Jujuy), el cual no estaba inscripto en el Registro de Aspirantes con Fines Adoptivos, previsto en las normativas provinciales.<\/p>\n<p>Por su parte, Stornelli es el fiscal en la \u201ccausa de las fotocopias\u201d, impulsada por el diario conservador La Naci\u00f3n, quien declar\u00f3 p\u00fablicamente que \u201csi Cristina Kirchner no tuviese fueros ir\u00eda presa\u201d y vaticin\u00f3 que \u201cahora le corresponde al Congreso decidir\u201d si le quita los fueros a la ex presidenta, hoy senadora nacional.<\/p>\n<p>Desconocemos y no resulta pertinente auscultar cu\u00e1l es la condici\u00f3n de la familia del fiscal Stornelli. Pero, \u00bfqu\u00e9 ser\u00e1 \u201cuna familia constituida, consolidada\u201d tal como la caracteriza Morales, el \u00edntimo amigo del presidente Macri? Pareciera referirse a una situaci\u00f3n virtuosa por la que atravesar\u00eda dicha familia. \u00bfTal vez habr\u00e1 querido decir \u201cuna familia bien constituida y consolidada\u201d? \u00bfHay familias bien constituidas y familias mal constituidas?<\/p>\n<p>Nos parece encontrar similitud con aquella expresi\u00f3n de la vicepresidenta de la Naci\u00f3n, Gabriela Michetti, quien en el 2016 en Tucum\u00e1n manifest\u00f3 que \u201cla droga mata a los pobres como a la gente normal\u201d. \u00bfHabr\u00e1 entonces pobres y gente normal? \u00bfHay personas importantes y personas no importantes?<\/p>\n<p>Por ejemplo, \u00bfla familia del dictador genocida Jorge Rafael Videla era o es \u201cuna familia constituida y consolidada\u201d? \u00a0\u00bfY la del millonario Carlos Pedro Blaquier, due\u00f1o del ingenio Ledesma de Jujuy, involucrado en la \u201cNoche del Apag\u00f3n\u201d durante la dictadura c\u00edvico-militar de 1976? Y la familia de la diva oficialista Mirtha Legrand?<\/p>\n<p>Para el gobernador Morales \u00bfc\u00f3mo ser\u00e1 la familia de Milagro Sala? Sin mucho margen de error, descontamos cu\u00e1l ser\u00eda la respuesta de la barbarie moralista.<\/p>\n<p>Las familias de los sectores humildes, de los sectores populares son excluidas de derechos y del necesario bienestar (empleo, salud, educaci\u00f3n, vivienda, servicios), se las pauperiza y degrada y finalmente, con frecuencia, cerrando el c\u00edrculo de discriminaci\u00f3n y odio de clase, se les indilga y acusa de que no tienen una \u201cfamilia constituida y consolidada\u201d. Y, acaso por eso mismo, a sus mujeres se les niega el acceso a la ILE, despu\u00e9s de haber sido violadas.<\/p>\n<p>De ah\u00ed que resulta necesario combatir la vigencia y reproducci\u00f3n de ese sentido com\u00fan degradado que representan las expresiones clasistas y discriminatorias como las de estos personajes \u201cimportantes\u201d como Gerardo Morales y Gabriela Michetti.<\/p>\n<p>Por\u00a0Norberto Alay\u00f3n<\/p>\n<p>* Trabajador social. Profesor consulto de la UBA.<\/p>\n<h6>Fuente: P\u00e1gina 12<\/h6>\n","protected":false},"excerpt":{"rendered":"<p>El radical Gerardo Morales, gobernador de Jujuy, adjudic\u00f3 al fiscal federal Carlos Stornelli el eventual inter\u00e9s de adoptar a la beb\u00e9 (finalmente fallecida) de la ni\u00f1a de 12 a\u00f1os que hab\u00eda sido violada y forzada a ser madre por medio de una ces\u00e1rea.<\/p>\n","protected":false},"author":2,"featured_media":86870,"comment_status":"closed","ping_status":"closed","sticky":false,"template":"","format":"standard","meta":{"footnotes":""},"categories":[6],"tags":[21],"class_list":["post-86869","post","type-post","status-publish","format-standard","has-post-thumbnail","hentry","category-opiniones","tag-argentina"],"_links":{"self":[{"href":"http:\/\/argentinamunicipal.com.ar\/argentina\/wp-json\/wp\/v2\/posts\/86869","targetHints":{"allow":["GET"]}}],"collection":[{"href":"http:\/\/argentinamunicipal.com.ar\/argentina\/wp-json\/wp\/v2\/posts"}],"about":[{"href":"http:\/\/argentinamunicipal.com.ar\/argentina\/wp-json\/wp\/v2\/types\/post"}],"author":[{"embeddable":true,"href":"http:\/\/argentinamunicipal.com.ar\/argentina\/wp-json\/wp\/v2\/users\/2"}],"replies":[{"embeddable":true,"href":"http:\/\/argentinamunicipal.com.ar\/argentina\/wp-json\/wp\/v2\/comments?post=86869"}],"version-history":[{"count":0,"href":"http:\/\/argentinamunicipal.com.ar\/argentina\/wp-json\/wp\/v2\/posts\/86869\/revisions"}],"wp:featuredmedia":[{"embeddable":true,"href":"http:\/\/argentinamunicipal.com.ar\/argentina\/wp-json\/wp\/v2\/media\/86870"}],"wp:attachment":[{"href":"http:\/\/argentinamunicipal.com.ar\/argentina\/wp-json\/wp\/v2\/media?parent=86869"}],"wp:term":[{"taxonomy":"category","embeddable":true,"href":"http:\/\/argentinamunicipal.com.ar\/argentina\/wp-json\/wp\/v2\/categories?post=86869"},{"taxonomy":"post_tag","embeddable":true,"href":"http:\/\/argentinamunicipal.com.ar\/argentina\/wp-json\/wp\/v2\/tags?post=86869"}],"curies":[{"name":"wp","href":"https:\/\/api.w.org\/{rel}","templated":true}]}}