{"id":86887,"date":"2019-02-13T07:12:34","date_gmt":"2019-02-13T10:12:34","guid":{"rendered":"http:\/\/argentinamunicipal.com.ar\/argentina\/?p=86887"},"modified":"2019-02-13T07:12:34","modified_gmt":"2019-02-13T10:12:34","slug":"la-matanza-estallo-la-interna-de-cambiemos-mientras-el-oficialismo-espera-por-magario-o-espinoza","status":"publish","type":"post","link":"http:\/\/argentinamunicipal.com.ar\/argentina\/la-matanza-estallo-la-interna-de-cambiemos-mientras-el-oficialismo-espera-por-magario-o-espinoza\/","title":{"rendered":"La Matanza: estall\u00f3 la interna de Cambiemos, mientras el oficialismo espera por Magario o Espinoza"},"content":{"rendered":"<p>Por el macrismo pelean el ministro de Educaci\u00f3n de la Naci\u00f3n, Alejandro Finocchiaro, y el concejal Miguel Saredi, quien le pidi\u00f3 elegir entre su candidatura o su cargo. Desde la Comuna dicen que la imagen de Macri \u201cest\u00e1 por el piso\u201d<\/p>\n<p>La Matanza se encamina a ser uno de los distritos donde la interna de Cambiemos va a estar al rojo vivo.\u00a0Las diferencias se ventilaron cuando el concejal Miguel Saredi sali\u00f3 a enfrentar el cada vez m\u00e1s pronunciado desembarco del ministro de Educaci\u00f3n de la Naci\u00f3n, Alejandro Finocchiaro.\u00a0Sin pelos en la lengua, el edil le aconsej\u00f3 que \u201cconcentre en sus funciones\u201d o que \u201crenuncie\u201d.<\/p>\n<p>\u201cEstoy seguro de que recapacitar\u00e1 y seguir\u00e1 concentrado en sus funciones o, por lo menos, renunciar\u00e1 para dejar el cargo a quienes le den a la educaci\u00f3n el verdadero lugar que se merece\u201d, contratac\u00f3 Saredi, seg\u00fan declaraciones retratadas por sitio web el1digital.com.ar.<\/p>\n<p>\u201cNo es positivo para el pa\u00eds \u2013consider\u00f3 Saredi-, ni para el espacio pol\u00edtico, que un funcionario est\u00e9 hablando de elecciones, pases de concejales o posicionamientos pol\u00edticos\u201d mientras \u201clas universidades luchan desesperadamente por mantener sus presupuestos\u201d.<\/p>\n<p>El HDC hay un empate t\u00e9cnico: el bloque Saredi y el espacio que responde Finocchiaro \u2013a trav\u00e9s de Miguel Racanelli- tienen cuatro bancas cada uno.\u00a0Completan el hemiciclo los cuatro asientos del massismo y los doce de Unidad Ciudadana.<\/p>\n<p>A pesar de los rumores y de que, en la \u00faltima semana, las actividades de Finocchiaro como ministro se concentraron en territorio matancero, desde su entorno niegan un lanzamiento formal de su candidatura a intendente. \u201cVenimos trabajando en La Matanza con la misma intensidad desde antes que Alejandro fuera ministro en la Provincia\u201d, se limitaron a explicar a INFOCIELO.<\/p>\n<p>Saredi encabez\u00f3 las boletas locales de la alianza gobernante en 2015 y 2017 y ahora tiene intenciones de repetir. En las \u00faltimas legislativas se dio una particularidad: tuvo la chance de medirse con la intendenta en funciones, ya que Ver\u00f3nica Magario capitane\u00f3 al kirchnerismo de manera testimonial. Roberto Miguel Saredi perdi\u00f3 50% a 30%.<\/p>\n<p>De un total de casi 800 mil votos, la diferencia contra Saredi fue de unos 160 mil. Esta baja perfomance, con una diferencia que parece irremontable, entusiasm\u00f3 a Finocchiaro, que adem\u00e1s tiene el apoyo del radicalismo.<\/p>\n<p>El funcionario de Mauricio Macri, por ahora no est\u00e1 en el radar del Municipio. Ante la consulta de este portal, desde el equipo de Magario, si bien admitieron respetar a todos los dirigentes, dijeron \u201cno estar al tanto de las actividades\u201d de Finocchiaro.<\/p>\n<p>\u201cTenemos otras prioridades, como tratar de mantener la actividad econ\u00f3mica en el distrito o que no baje la ayuda social\u201d, se\u00f1alaron desde el Gabinete de Magario. \u201cNo creo que ac\u00e1 le pueda ir bien a un candidato referenciado con Macri despu\u00e9s de todos los puestos de trabajo que se perdieron\u201d, analiz\u00f3 para este medio una de las fuentes consultadas.<\/p>\n<p>En el Frente Para la Victoria las cosas est\u00e1n m\u00e1s cerradas. En menos de un mes habr\u00e1 definiciones con respecto al futuro de Magario y de su antecesor, el diputado nacional Fernando Espinoza. El que no suba a pelear por la Gobernaci\u00f3n ser\u00e1 el encargado de defender el distrito.<\/p>\n<p>INFOCIELO accedi\u00f3 a los n\u00fameros que manejan en San Justo, relevamiento a cargo de la Secretaria de Producci\u00f3n, D\u00e9bora Giorgi. Las cifras oficiales no son alentadores. Por ejemplo, las ventas en comercios han ca\u00eddo, en promedio, 52% en el \u00faltimo a\u00f1o.<\/p>\n<p>En tanto, el 91% de los comerciantes cree que sus ventas bajaron por el menor poder de compra de sus clientes y el 63% tiene malas expectativas respecto a su futuro. La Comuna, asegura, desde 2015 hasta hoy, pas\u00f3 de sostener 60 a 500 comedores.<\/p>\n<p>Seg\u00fan las estimaciones del INDEC, La Matanza tendr\u00e1 en 2019 casi dos millones y medio de habitantes. Frente a este escenario, desde el macrismo a\u00fan tiene un as bajo la manga: promover desde la Legislatura la divisi\u00f3n en cuatro partidos nuevos. EA.<\/p>\n<h6>Fuente: InfoCielo<\/h6>\n","protected":false},"excerpt":{"rendered":"<p>Por el macrismo pelean el ministro de Educaci\u00f3n de la Naci\u00f3n, Alejandro Finocchiaro, y el concejal Miguel Saredi, quien le pidi\u00f3 elegir entre su candidatura o su cargo. Desde la Comuna dicen que la imagen de Macri \u201cest\u00e1 por el piso\u201d<\/p>\n","protected":false},"author":2,"featured_media":86888,"comment_status":"closed","ping_status":"closed","sticky":false,"template":"","format":"standard","meta":{"footnotes":""},"categories":[4],"tags":[12],"class_list":["post-86887","post","type-post","status-publish","format-standard","has-post-thumbnail","hentry","category-informe-politico","tag-buenos-aires"],"_links":{"self":[{"href":"http:\/\/argentinamunicipal.com.ar\/argentina\/wp-json\/wp\/v2\/posts\/86887","targetHints":{"allow":["GET"]}}],"collection":[{"href":"http:\/\/argentinamunicipal.com.ar\/argentina\/wp-json\/wp\/v2\/posts"}],"about":[{"href":"http:\/\/argentinamunicipal.com.ar\/argentina\/wp-json\/wp\/v2\/types\/post"}],"author":[{"embeddable":true,"href":"http:\/\/argentinamunicipal.com.ar\/argentina\/wp-json\/wp\/v2\/users\/2"}],"replies":[{"embeddable":true,"href":"http:\/\/argentinamunicipal.com.ar\/argentina\/wp-json\/wp\/v2\/comments?post=86887"}],"version-history":[{"count":0,"href":"http:\/\/argentinamunicipal.com.ar\/argentina\/wp-json\/wp\/v2\/posts\/86887\/revisions"}],"wp:featuredmedia":[{"embeddable":true,"href":"http:\/\/argentinamunicipal.com.ar\/argentina\/wp-json\/wp\/v2\/media\/86888"}],"wp:attachment":[{"href":"http:\/\/argentinamunicipal.com.ar\/argentina\/wp-json\/wp\/v2\/media?parent=86887"}],"wp:term":[{"taxonomy":"category","embeddable":true,"href":"http:\/\/argentinamunicipal.com.ar\/argentina\/wp-json\/wp\/v2\/categories?post=86887"},{"taxonomy":"post_tag","embeddable":true,"href":"http:\/\/argentinamunicipal.com.ar\/argentina\/wp-json\/wp\/v2\/tags?post=86887"}],"curies":[{"name":"wp","href":"https:\/\/api.w.org\/{rel}","templated":true}]}}