{"id":86890,"date":"2019-02-13T07:15:47","date_gmt":"2019-02-13T10:15:47","guid":{"rendered":"http:\/\/argentinamunicipal.com.ar\/argentina\/?p=86890"},"modified":"2019-02-13T07:15:47","modified_gmt":"2019-02-13T10:15:47","slug":"movimientos-sociales-junto-a-sindicatos-marcharan-en-todo-el-pais-contra-la-crisis-economica-y-social","status":"publish","type":"post","link":"http:\/\/argentinamunicipal.com.ar\/argentina\/movimientos-sociales-junto-a-sindicatos-marcharan-en-todo-el-pais-contra-la-crisis-economica-y-social\/","title":{"rendered":"Movimientos sociales junto a sindicatos marchar\u00e1n en todo el pa\u00eds contra la crisis econ\u00f3mica y social"},"content":{"rendered":"<p>En la jornada de lucha que se llevar\u00e1 a cabo en 50 ciudades, con epicentro en Capital Federal, exigir\u00e1n aumento en los programas de trabajo y la sanci\u00f3n de leyes para paliar los efectos de la situaci\u00f3n que atraviesan los sectores m\u00e1s pobres ante las medidas del gobierno nacional.<\/p>\n<p>Los movimientos sociales junto a sindicatos llevar\u00e1n a cabo este mi\u00e9rcoles una jornada nacional de lucha con movilizaciones tanto en Capital Federal como en otras 49 ciudades del pa\u00eds. En medio de la crisis econ\u00f3mica y social, exigir\u00e1n al gobierno nacional paritarias sociales y la sanci\u00f3n de leyes que protejan a los sectores m\u00e1s empobrecidos.<\/p>\n<p>La protesta estar\u00e1 encabezada por la\u00a0Confederaci\u00f3n de Trabajadores de la Econom\u00eda Popular (CTEP), la Corriente Clasista y Combativa (CCC), Barrios de Pie, el Frente Popular Dar\u00edo Santill\u00e1n y el Frente de Organizaciones en Lucha (FOL). \u00a0Tambi\u00e9n adhieren la\u00a0Corriente Federal de Trabajadores de Sergio Palazzo, ATE Nacional, la CTA Aut\u00f3noma y el sector gremial del transporte liderado por Juan Carlos Schmid.<\/p>\n<p>En Capital Federal las concentraciones se realizar\u00e1n desde las 9 en el cruce de la avenida 9 de Julio y Carlos Calvo; en avenida Santa Fe y 9 de Julio; y en Plaza Congreso. Desde all\u00ed, partir\u00e1n hacia el Ministerio de Desarrollo Social, en la avenida 9 de Julio y la avenida Belgrano.<\/p>\n<p>La convocatoria \u00abcontra el hambre y los tarifazos\u00bb y por la aprobaci\u00f3n de las leyes de emergencia alimentaria, agricultura familiar y emergencia en adicciones, entre otras, tendr\u00e1 expresiones tambi\u00e9n frente al Ministerio de Desarrollo Social de La Plata y frente a la municipalidad de esa ciudad.<\/p>\n<p>En provincia de Buenos Aires, entre otras ciudades, se sumar\u00e1n a la protesta nacional Bah\u00eda Blanca, Carmen de Patagones, Villarino, Punta Alta, Jun\u00edn, Chivilcoy, Pehuajo, Alberti, Tandil y Chacabuco. Adem\u00e1s habr\u00e1 protestas en Jujuy, Misiones, Santiago del Estero, La Rioja, Mendoza, San Luis, Corrientes, Tucum\u00e1n, Chubut y La Pampa.<\/p>\n<h6>Fuente: InfoCielo<\/h6>\n","protected":false},"excerpt":{"rendered":"<p>En la jornada de lucha que se llevar\u00e1 a cabo en 50 ciudades, con epicentro en Capital Federal, exigir\u00e1n aumento en los programas de trabajo y la sanci\u00f3n de leyes para paliar los efectos de la situaci\u00f3n que atraviesan los sectores m\u00e1s pobres<\/p>\n","protected":false},"author":2,"featured_media":86891,"comment_status":"closed","ping_status":"closed","sticky":false,"template":"","format":"standard","meta":{"footnotes":""},"categories":[2],"tags":[21],"class_list":["post-86890","post","type-post","status-publish","format-standard","has-post-thumbnail","hentry","category-informe-municipal","tag-argentina"],"_links":{"self":[{"href":"http:\/\/argentinamunicipal.com.ar\/argentina\/wp-json\/wp\/v2\/posts\/86890","targetHints":{"allow":["GET"]}}],"collection":[{"href":"http:\/\/argentinamunicipal.com.ar\/argentina\/wp-json\/wp\/v2\/posts"}],"about":[{"href":"http:\/\/argentinamunicipal.com.ar\/argentina\/wp-json\/wp\/v2\/types\/post"}],"author":[{"embeddable":true,"href":"http:\/\/argentinamunicipal.com.ar\/argentina\/wp-json\/wp\/v2\/users\/2"}],"replies":[{"embeddable":true,"href":"http:\/\/argentinamunicipal.com.ar\/argentina\/wp-json\/wp\/v2\/comments?post=86890"}],"version-history":[{"count":0,"href":"http:\/\/argentinamunicipal.com.ar\/argentina\/wp-json\/wp\/v2\/posts\/86890\/revisions"}],"wp:featuredmedia":[{"embeddable":true,"href":"http:\/\/argentinamunicipal.com.ar\/argentina\/wp-json\/wp\/v2\/media\/86891"}],"wp:attachment":[{"href":"http:\/\/argentinamunicipal.com.ar\/argentina\/wp-json\/wp\/v2\/media?parent=86890"}],"wp:term":[{"taxonomy":"category","embeddable":true,"href":"http:\/\/argentinamunicipal.com.ar\/argentina\/wp-json\/wp\/v2\/categories?post=86890"},{"taxonomy":"post_tag","embeddable":true,"href":"http:\/\/argentinamunicipal.com.ar\/argentina\/wp-json\/wp\/v2\/tags?post=86890"}],"curies":[{"name":"wp","href":"https:\/\/api.w.org\/{rel}","templated":true}]}}