{"id":86896,"date":"2019-02-13T07:22:23","date_gmt":"2019-02-13T10:22:23","guid":{"rendered":"http:\/\/argentinamunicipal.com.ar\/argentina\/?p=86896"},"modified":"2019-02-13T07:22:23","modified_gmt":"2019-02-13T10:22:23","slug":"mas-del-70-de-los-intendentes-del-sur-cordobes-buscaran-la-reeleccion","status":"publish","type":"post","link":"http:\/\/argentinamunicipal.com.ar\/argentina\/mas-del-70-de-los-intendentes-del-sur-cordobes-buscaran-la-reeleccion\/","title":{"rendered":"M\u00e1s del 70% de los intendentes del sur cordob\u00e9s buscar\u00e1n la reelecci\u00f3n"},"content":{"rendered":"<p>Tras la modificaci\u00f3n del C\u00f3digo Electoral, \u00e9sta ser\u00e1 la \u00faltima oportunidad que tendr\u00e1n los mandatarios en funciones para repetir en los cargos.<\/p>\n<p>Las elecciones para renovar los cargos municipales en los cuatro departamentos del sur tendr\u00e1n como fecha de realizaci\u00f3n el 14 de abril y el 12 de mayo, y m\u00e1s del 70% de los actuales intendentes buscar\u00e1n la reelecci\u00f3n.<\/p>\n<p>Tras la modificaci\u00f3n del C\u00f3digo Electoral, \u00e9sta ser\u00e1 la \u00faltima oportunidad que tendr\u00e1n los mandatarios en funciones para repetir en los cargos.<\/p>\n<p>Es as\u00ed que en algunas jurisdicciones varios mandatarios buscar proyectarse a nivel provincial y\u00a0 ser legisladores.<\/p>\n<p>La pronta convocatoria a elecciones a nivel provincial sorprendi\u00f3 a los intendentes, quienes debieron apurar las definiciones. Asimismo, la oposici\u00f3n trabaja\u00a0 contra reloj tratando de instalar a sus candidatos que, en la mayor\u00eda de los pueblos, a\u00fan no est\u00e1n definidos.<\/p>\n<p>Asimismo, alianzas partidarias realizadas en 2015 est\u00e1n siendo analizadas, y en algunos casos ya se dispuso la desintegraci\u00f3n. Es el caso de Alcira Gigena y de La Cautiva, donde se dispuso que el radicalismo volver\u00e1 a presentarse en solitario. As\u00ed, en Gigena, Fernando Gramaglia buscar\u00e1 la reelecci\u00f3n, encabezando la hist\u00f3rica lista 3 de la UCR, y en La Cautiva, Jos\u00e9 Luis Beltramone, quien viene desempe\u00f1\u00e1ndose como intendente, tras suceder en dicho cargo a Gerardo Bellocq. Ahora buscar\u00e1 ser elegido por el voto de los vecinos representando al radicalismo.<\/p>\n<p>En los \u00faltimos comicios municipales de 2015, el 59% de los intendentes fueron reelectos.<\/p>\n<p>A pesar de las crisis econ\u00f3mica a nivel nacional, las administraciones comunales no debieron lidiar con grandes conflictos. En cuanto a las relaciones con los gobiernos nacional y provincial, ocurri\u00f3 que municipios gobernados por Cambiemos lograron aportes en planes tales como el H\u00e1bitat, lo que gener\u00f3 algunas cr\u00edticas de intendencias justicialistas, pero no pasaron de ello. A nivel provincial, la gesti\u00f3n de Juan Schiaretti apunt\u00f3 a un trabajo armonioso y equitativo con todos los intendentes, m\u00e1s all\u00e1 de su color pol\u00edtico.<\/p>\n<p>Confirmados<\/p>\n<p>En el Departamento R\u00edo Cuarto, quienes ya confirmaron que ir\u00e1n por un nuevo per\u00edodo son: Javier Rezza (Adelia Mar\u00eda); Fernando Gramaglia (Alcira Gigena); Mar\u00eda N\u00e9lida Ortiz (Alpa Corral); Fredi Decarlini (Berrotar\u00e1n); Mart\u00edn Toselli (Bulnes); Ricardo Reynoso (Chaj\u00e1n); Gast\u00f3n Tomatis (Las Acequias; Alberto Escudero (Las Higueras; Miguel Melano (Las Vertientes); Luis Poloni (Chucul); Milena Rosso (Suco), Jorgelina Soardo (Malena), Selime Daruich (Washington); N\u00e9stor Pasero (Las Pe\u00f1as Sud), N\u00e9stor Gi\u00e1comi (Coronel Baigorria). Asimismo, dos hist\u00f3ricos que, de lograrlo, superar\u00e1n su propio r\u00e9cord, volver\u00e1n a repetir. Estos son Miguel Negro,\u00a0 quien va por sus 40 a\u00f1os al frente de la intendencia en Holmberg; y Ariel Grich, en Monte de los Gauchos, quien ir\u00e1 por su sexto mandato y quinta reelecci\u00f3n.<\/p>\n<p>Un dato a destacar es que tanto en esta \u00faltima localidad como en Adelia Mar\u00eda, de extracci\u00f3n radical, eligieron como fecha para los comicios el mes de mayo, junto a la elecci\u00f3n de gobernador, yendo as\u00ed contra la corriente de la postura adoptada por la mayor\u00eda de los municipios gobernados por Cambiemos.<\/p>\n<p>El retiro<\/p>\n<p>En tanto, Luis Laborde, de Vicu\u00f1a Mackenna, quien lleva tres gestiones, desisti\u00f3 de presentarse por un nuevo per\u00edodo; en cambio, apoya la candidatura de su secretario Roberto Casari, quien ser\u00eda oficializado en estos d\u00edas. Tampoco est\u00e1 definida la continuidad de Jorge Costanzo en Coronel Moldes. En la segunda ciudad departamental hay en danza varios nombres, entre ellos el de un ex mandatario local y dirigente de Uatre, Juan Carlos Castro, o un familiar de \u00e9ste. Del lado opositor, ya comenzaron a circular varios nombres.<\/p>\n<p>En Sampacho, Jorge Devalle a\u00fan no confirma si volver\u00e1 a presentarse; lo que s\u00ed trascendi\u00f3 es que en esta localidad se convocar\u00eda a elecciones para junio.<\/p>\n<p>Jos\u00e9 Luis Beltramone, en La Cautiva, quien asumi\u00f3 la intendencia para suceder a Gerardo Bellocq, primero cuando \u00e9ste ocup\u00f3 la banca de diputado de la Naci\u00f3n, y luego tras su muerte,\u00a0 buscar\u00e1 ahora ser elegido por el voto del pueblo.<\/p>\n<p>Entre los indecisos se encuentran N\u00e9stor Zunino (Elena), Jorge Otamendi (Achiras), Rub\u00e9n Moine (San Basilio).<\/p>\n<p>Mientras el calendario apremia, las principales fuerzas pol\u00edticas deciden candidatos y analizan posibles alianzas.<\/p>\n<h6>Fuente: Puntal<\/h6>\n","protected":false},"excerpt":{"rendered":"<p>Tras la modificaci\u00f3n del C\u00f3digo Electoral, \u00e9sta ser\u00e1 la \u00faltima oportunidad que tendr\u00e1n los mandatarios en funciones para repetir en los cargos.\u00a0<\/p>\n","protected":false},"author":2,"featured_media":86897,"comment_status":"closed","ping_status":"closed","sticky":false,"template":"","format":"standard","meta":{"footnotes":""},"categories":[4],"tags":[3],"class_list":["post-86896","post","type-post","status-publish","format-standard","has-post-thumbnail","hentry","category-informe-politico","tag-cordoba"],"_links":{"self":[{"href":"http:\/\/argentinamunicipal.com.ar\/argentina\/wp-json\/wp\/v2\/posts\/86896","targetHints":{"allow":["GET"]}}],"collection":[{"href":"http:\/\/argentinamunicipal.com.ar\/argentina\/wp-json\/wp\/v2\/posts"}],"about":[{"href":"http:\/\/argentinamunicipal.com.ar\/argentina\/wp-json\/wp\/v2\/types\/post"}],"author":[{"embeddable":true,"href":"http:\/\/argentinamunicipal.com.ar\/argentina\/wp-json\/wp\/v2\/users\/2"}],"replies":[{"embeddable":true,"href":"http:\/\/argentinamunicipal.com.ar\/argentina\/wp-json\/wp\/v2\/comments?post=86896"}],"version-history":[{"count":0,"href":"http:\/\/argentinamunicipal.com.ar\/argentina\/wp-json\/wp\/v2\/posts\/86896\/revisions"}],"wp:featuredmedia":[{"embeddable":true,"href":"http:\/\/argentinamunicipal.com.ar\/argentina\/wp-json\/wp\/v2\/media\/86897"}],"wp:attachment":[{"href":"http:\/\/argentinamunicipal.com.ar\/argentina\/wp-json\/wp\/v2\/media?parent=86896"}],"wp:term":[{"taxonomy":"category","embeddable":true,"href":"http:\/\/argentinamunicipal.com.ar\/argentina\/wp-json\/wp\/v2\/categories?post=86896"},{"taxonomy":"post_tag","embeddable":true,"href":"http:\/\/argentinamunicipal.com.ar\/argentina\/wp-json\/wp\/v2\/tags?post=86896"}],"curies":[{"name":"wp","href":"https:\/\/api.w.org\/{rel}","templated":true}]}}