{"id":86899,"date":"2019-02-13T05:24:26","date_gmt":"2019-02-13T08:24:26","guid":{"rendered":"http:\/\/argentinamunicipal.com.ar\/argentina\/?p=86899"},"modified":"2019-02-13T07:26:48","modified_gmt":"2019-02-13T10:26:48","slug":"argentina-alquila-un-satelite-para-no-perder-su-posicion-orbital","status":"publish","type":"post","link":"http:\/\/argentinamunicipal.com.ar\/argentina\/argentina-alquila-un-satelite-para-no-perder-su-posicion-orbital\/","title":{"rendered":"Argentina alquila un sat\u00e9lite para no perder su posici\u00f3n orbital"},"content":{"rendered":"<p>El gobierno autoriz\u00f3 la operaci\u00f3n para evitar que la Uni\u00f3n Internacional de Telecomunicaciones le quite los derechos de uso. All\u00ed deb\u00eda estar el Arsat 3.<\/p>\n<p>El gobierno nacional autoriz\u00f3 el alquiler del sat\u00e9lite Astra-1H a la empresa europea SES para evitar que la Uni\u00f3n Internacional de Telecomunicaciones (UIT) le quite los derechos de uso en la posici\u00f3n orbital 81 grados Oeste, publica la web de la Agencia Nova.<\/p>\n<p>Pero esta decisi\u00f3n, que le cuesta al Estado siete millones de euros, deja a la vista la falta de compromismo del gobierno de Mauricio Macri por el desarrollo de la tecnolog\u00eda nacional porque, a partir de este a\u00f1o, el Arsat-3 deb\u00eda operar en dicha zona y lo abandonaron por una decisi\u00f3n pol\u00edtica.<\/p>\n<p>La construcci\u00f3n del Arsat 3 se suspendi\u00f3 en 2016 luego del fabricado de sus dos antecesores. Pero ahora el gobierno alquila este artefacto que ya super\u00f3 su vida \u00fatil con el \u00fanico objetivo de no perder el espacio correspondiente en la \u00f3rbita.<\/p>\n<p>Tras la creaci\u00f3n de Arsat en 2006, la firma lanz\u00f3 al espacio su primer construcci\u00f3n que fue llamado Arsat-1, en septiembre de 2014. Luego, en 2015, Arsat-2 tambi\u00e9n fue puesto en \u00f3rbita. Pero el tercero de la cadena, al a\u00f1o siguiente, vio interrumpido su plan de elaboraci\u00f3n por decisi\u00f3n del gobierno de Macri.<\/p>\n<p><strong>Abandono<\/strong><\/p>\n<p>Como en marzo de 2016 Macri decididamente dej\u00f3 de financiar a Arsat, en un principio se crey\u00f3 que los proyectos continuar\u00edan con inversiones privadas, no obstante, se vieron suspendidos. Y ahora, ante este apuro de car\u00e1cter internacional, el ente debi\u00f3 anunciar el alquiler del sat\u00e9lite extranjero.<\/p>\n<p>\u00abArsat celebr\u00f3 un acuerdo con New Skies Satellites B.V. (SES) por el cual se acord\u00f3 la reubicaci\u00f3n del sat\u00e9lite Astra-1H en la Posici\u00f3n Orbital Estacionaria (POG) 81\u00ba L.O. Mediante nota que se adjunta como anexo I a la presente, SES inform\u00f3 que con fecha 29 de septiembre de 2018 finalizaron con \u00e9xito las maniobras de reubicaci\u00f3n del sat\u00e9lite Astra-1H en la POG 81\u00ba L.O.\u00bb, revel\u00f3 Ra\u00fal Mart\u00ednez, vicepresidente del organismo.<\/p>\n<p>\u00abEl cliente pagar\u00e1 a SES una tarifa de servicio desiete7 millones de euros\u00bb, ampl\u00eda el comunicado. Ese monto millonario abonar\u00e1 el gobierno por un sat\u00e9lite que fue enviado al espacio en junio de 1999 y que ya cumpli\u00f3 15 a\u00f1os navegando, en 2014.<\/p>\n<p>Por \u00faltimo, vale destacar que la flamante adquisici\u00f3n argentina s\u00f3lo funcionar\u00e1 en banda Ka, lo que se traduce en una capacidad muy limitada que servir\u00e1 para brindar servicios solamente en esa frecuencia.<\/p>\n<h6>Fuente: La Capital<\/h6>\n","protected":false},"excerpt":{"rendered":"<p>El gobierno autoriz\u00f3 la operaci\u00f3n para evitar que la Uni\u00f3n Internacional de Telecomunicaciones le quite los derechos de uso. All\u00ed deb\u00eda estar el Arsat 3.<\/p>\n","protected":false},"author":2,"featured_media":86900,"comment_status":"closed","ping_status":"closed","sticky":false,"template":"","format":"standard","meta":{"footnotes":""},"categories":[8],"tags":[21],"class_list":["post-86899","post","type-post","status-publish","format-standard","has-post-thumbnail","hentry","category-informe-nacional","tag-argentina"],"_links":{"self":[{"href":"http:\/\/argentinamunicipal.com.ar\/argentina\/wp-json\/wp\/v2\/posts\/86899","targetHints":{"allow":["GET"]}}],"collection":[{"href":"http:\/\/argentinamunicipal.com.ar\/argentina\/wp-json\/wp\/v2\/posts"}],"about":[{"href":"http:\/\/argentinamunicipal.com.ar\/argentina\/wp-json\/wp\/v2\/types\/post"}],"author":[{"embeddable":true,"href":"http:\/\/argentinamunicipal.com.ar\/argentina\/wp-json\/wp\/v2\/users\/2"}],"replies":[{"embeddable":true,"href":"http:\/\/argentinamunicipal.com.ar\/argentina\/wp-json\/wp\/v2\/comments?post=86899"}],"version-history":[{"count":0,"href":"http:\/\/argentinamunicipal.com.ar\/argentina\/wp-json\/wp\/v2\/posts\/86899\/revisions"}],"wp:featuredmedia":[{"embeddable":true,"href":"http:\/\/argentinamunicipal.com.ar\/argentina\/wp-json\/wp\/v2\/media\/86900"}],"wp:attachment":[{"href":"http:\/\/argentinamunicipal.com.ar\/argentina\/wp-json\/wp\/v2\/media?parent=86899"}],"wp:term":[{"taxonomy":"category","embeddable":true,"href":"http:\/\/argentinamunicipal.com.ar\/argentina\/wp-json\/wp\/v2\/categories?post=86899"},{"taxonomy":"post_tag","embeddable":true,"href":"http:\/\/argentinamunicipal.com.ar\/argentina\/wp-json\/wp\/v2\/tags?post=86899"}],"curies":[{"name":"wp","href":"https:\/\/api.w.org\/{rel}","templated":true}]}}