{"id":86902,"date":"2019-02-13T05:27:02","date_gmt":"2019-02-13T08:27:02","guid":{"rendered":"http:\/\/argentinamunicipal.com.ar\/argentina\/?p=86902"},"modified":"2019-02-13T07:28:34","modified_gmt":"2019-02-13T10:28:34","slug":"el-gobernador-de-entre-rios-reglamento-la-ley-de-comunas","status":"publish","type":"post","link":"http:\/\/argentinamunicipal.com.ar\/argentina\/el-gobernador-de-entre-rios-reglamento-la-ley-de-comunas\/","title":{"rendered":"El gobernador de Entre R\u00edos reglament\u00f3 la Ley de Comunas\u00a0"},"content":{"rendered":"<p>A trav\u00e9s del Decreto N\u00ba 110 al que tuvo acceso APFDigital, el gobernador Gustavo Bordet reglament\u00f3 el procedimiento, plazo y asignaci\u00f3n de recursos necesarios para convertir gradualmente las Juntas de Gobierno en Comunas \u2022 Por su parte, el diputado provincial, Diego Lara, elogi\u00f3 la decisi\u00f3n del mandatario provincial y asegur\u00f3 que se trata de una medida que busca \u201cmejorar la calidad de vida de\u00a0 miles de entrerrianos\u00bb<\/p>\n<p>La norma con fecha 12 de febrero, establece que a partir del 11 de diciembre de este a\u00f1o se declara Comunas de Primera y de Segunda Categor\u00eda a todo centro de poblaci\u00f3n estable que en una superficie de 75 kil\u00f3metros cuadrados contenga entre 400 y 1.500 habitantes, con todas las competencias, funciones, derechos y obligaciones de las disposiciones legales.<\/p>\n<p>Vale aclarar que de acuerdo a la Ley, habr\u00e1 Comunas de Primera Categor\u00eda, cuando tengan m\u00e1s de 700 y hasta 1.500 habitantes; y Comunas de Segunda Categor\u00eda, cuando tengan entre 400 y 700 habitantes.<\/p>\n<p>Asimismo, el Decreto refrendado tambi\u00e9n por la Ministra de Gobierno, Rosario Romero, establece en su Art\u00edculo 4\u00ba que a partir del 11 de diciembre de 2019, el Gobierno provincial asignar\u00e1 \u201clos fondos necesarios provenientes de la distribuci\u00f3n actualizada de las Coparticipaciones Nacionales y Provinciales para la Organizaci\u00f3n de las Comunas\u201d en base a la f\u00f3rmula Polin\u00f3mica que definir\u00e1 el Ministerio de Econom\u00eda.<\/p>\n<p>Por \u00faltimo, la norma incluye a los electorados de las localidades declaradas Comunas, dentro de la Convocatoria a Elecciones Provinciales (PASO y Generales) del 14 de abril, y de Vocales Titulares y Suplentes de Comunas que se llevar\u00e1n a cabo el 9 de junio del corriente.<\/p>\n<p>Respecto a este punto, el presidente de la comisi\u00f3n de Legislaci\u00f3n General de la C\u00e1mara de Diputados, Diego Lara, explic\u00f3 que las Comunas deber\u00e1n participar del proceso electoral de este a\u00f1o eligiendo ocho o seis miembros del concejo, de acuerdo a cada categor\u00eda.<\/p>\n<p>El legislador provincial destac\u00f3 la voluntad pol\u00edtica de Bordet, \u201cquien de esta manera ratifica la decisi\u00f3n de buscar una mejora sustancial en la calidad de vida de los habitantes de los centros rurales de poblaci\u00f3n, ya que los gobiernos locales contar\u00e1n con mayores recursos para brindar soluciones a las necesidades de sus habitantes\u201d.<\/p>\n<p>Asimismo indic\u00f3 que el gobernador reconoci\u00f3 el importante trabajo realizado en la redacci\u00f3n de la ley, para el cual se consult\u00f3 a integrantes de las Juntas de Gobierno de toda la provincia y a entidades intermedias de estas localidades.<\/p>\n<p>\u201cEntre R\u00edos se distingue entre las provincias argentinas por su equilibrada distribuci\u00f3n poblacional y esta ley viene a consolidar esa condici\u00f3n. El 20 por ciento de nuestra poblaci\u00f3n reside en las Juntas de Gobierno, lo que expresado en n\u00fameros m\u00e1s precisos, significa que esta ley asegura mayores conquistas y derechos para casi 300.000 entrerrianos. De all\u00ed la importancia que tuvo el hecho de avanzar en su discusi\u00f3n en un mano a mano con las autoridades locales, referentes sociales, fuerzas vivas y vecinos en general de estos centros rurales\u201d, indic\u00f3 el legislador.<\/p>\n<p>Fuente: APFDigital<\/p>\n","protected":false},"excerpt":{"rendered":"<p>A trav\u00e9s del Decreto N\u00ba 110 al que tuvo acceso APFDigital, el gobernador Gustavo Bordet reglament\u00f3 el procedimiento, plazo y asignaci\u00f3n de recursos necesarios para convertir gradualmente las Juntas de Gobierno en Comunas<\/p>\n","protected":false},"author":2,"featured_media":86903,"comment_status":"closed","ping_status":"closed","sticky":false,"template":"","format":"standard","meta":{"footnotes":""},"categories":[2],"tags":[17],"class_list":["post-86902","post","type-post","status-publish","format-standard","has-post-thumbnail","hentry","category-informe-municipal","tag-entre-rios"],"_links":{"self":[{"href":"http:\/\/argentinamunicipal.com.ar\/argentina\/wp-json\/wp\/v2\/posts\/86902","targetHints":{"allow":["GET"]}}],"collection":[{"href":"http:\/\/argentinamunicipal.com.ar\/argentina\/wp-json\/wp\/v2\/posts"}],"about":[{"href":"http:\/\/argentinamunicipal.com.ar\/argentina\/wp-json\/wp\/v2\/types\/post"}],"author":[{"embeddable":true,"href":"http:\/\/argentinamunicipal.com.ar\/argentina\/wp-json\/wp\/v2\/users\/2"}],"replies":[{"embeddable":true,"href":"http:\/\/argentinamunicipal.com.ar\/argentina\/wp-json\/wp\/v2\/comments?post=86902"}],"version-history":[{"count":0,"href":"http:\/\/argentinamunicipal.com.ar\/argentina\/wp-json\/wp\/v2\/posts\/86902\/revisions"}],"wp:featuredmedia":[{"embeddable":true,"href":"http:\/\/argentinamunicipal.com.ar\/argentina\/wp-json\/wp\/v2\/media\/86903"}],"wp:attachment":[{"href":"http:\/\/argentinamunicipal.com.ar\/argentina\/wp-json\/wp\/v2\/media?parent=86902"}],"wp:term":[{"taxonomy":"category","embeddable":true,"href":"http:\/\/argentinamunicipal.com.ar\/argentina\/wp-json\/wp\/v2\/categories?post=86902"},{"taxonomy":"post_tag","embeddable":true,"href":"http:\/\/argentinamunicipal.com.ar\/argentina\/wp-json\/wp\/v2\/tags?post=86902"}],"curies":[{"name":"wp","href":"https:\/\/api.w.org\/{rel}","templated":true}]}}