{"id":86906,"date":"2019-02-13T05:42:06","date_gmt":"2019-02-13T08:42:06","guid":{"rendered":"http:\/\/argentinamunicipal.com.ar\/argentina\/?p=86906"},"modified":"2019-02-13T07:44:48","modified_gmt":"2019-02-13T10:44:48","slug":"4-mil-personas-son-asistidas-por-los-comedores-emergentes-de-catamarca","status":"publish","type":"post","link":"http:\/\/argentinamunicipal.com.ar\/argentina\/4-mil-personas-son-asistidas-por-los-comedores-emergentes-de-catamarca\/","title":{"rendered":"4 mil personas son asistidas por los comedores emergentes de Catamarca"},"content":{"rendered":"<p>Ayer se realiz\u00f3 un curso para quienes tienen a su cargo la elaboraci\u00f3n de los alimentos.<\/p>\n<p>In\u00e9s Barros, directora provincial de Promoci\u00f3n Socioalimentaria, dependiente del ministerio de Desarrollo Social, tiene a su cargo los comedores emergentes que surgieron para atender a la problem\u00e1tica alimentaria de la poblaci\u00f3n y a los cuales asisten hoy en d\u00eda alrededor de 4 mil personas.<\/p>\n<p>En ese sentido, ayer se realiz\u00f3 un curso en el Centro de Integraci\u00f3n e Identidad Ciudadana (CIIC) destinado a quienes son los encargados de elaborar los alimentos en estos comedores.<\/p>\n<p>\u201cEn este momento tenemos 15 comedores emergentes entre Valle Viejo y Capital, a los que asisten aproximadamente m\u00e1s de 4 mil personas que tienen su alimentaci\u00f3n garantizada de lunes a viernes con el sistema viandas, salvo lo que es el Hogar de Cristo Santa Marta, donde tenemos otra modalidad, que es para la poblaci\u00f3n vulnerable con problemas de adicci\u00f3n y son asistidos en el lugar\u201d, afirm\u00f3 Barros.<\/p>\n<p>Asimismo, agreg\u00f3: \u201cAqu\u00ed trabajamos articuladamente con las madres y con los padres aqu\u00ed es importante la participaci\u00f3n para solucionar el problema alimentario. Esto depende del ministerio de Desarrollo Social, que fue una preocupaci\u00f3n de nuestra Gobernadora ante la problem\u00e1tica de la falta de trabajo y de las crisis\u201d.<\/p>\n<p>Con respecto al curso, Barros coment\u00f3: \u201cOrganizamos una jornada bajo el nombre \u2018Nutriendo habilidades sociales\u2019, que estuvo dirigido a las personas que cocinan en esta modalidad de comedores emergentes de la Capital y Valle Viejo, y que se hizo en el CIIC todo el d\u00eda. Fue toda una jornada de capacitaci\u00f3n porque consideramos que el plato de comida debe llegar a nuestros comensales con un m\u00e1ximo de seguridad alimentaria en cuanto a higiene, manipulaci\u00f3n y preparaci\u00f3n de los alimentos\u201d.<\/p>\n<p>\u201cSi bien atendemos una problem\u00e1tica urgente, debemos ser cuidadosos, porque estos comedores surgieron para tener una soluci\u00f3n inmediata al problema \u00a0alimenticio de nuestra poblaci\u00f3n, pero tambi\u00e9n tenemos en cuenta que, si se lo hace en un espacio f\u00edsico no adecuado, sin tener en cuenta la higiene y manipulaci\u00f3n de alimentos, puede ser una bomba de tiempo, y en vez de ayudar a la econom\u00eda familiar vamos a generar un problema de enfermedad, que es lo que no queremos\u201d, apunt\u00f3 Barros.<\/p>\n<p>En su momento, el ministerio de Desarrollo Social realiz\u00f3 relevamientos en los distintos barrios sobre su estado de vulnerabilidad. Se tom\u00f3 conocimiento de familias que estaban desempleadas. A partir de tal situaci\u00f3n, surgi\u00f3 la necesidad de los comedores emergentes.<\/p>\n<h6>Fuente: El Esquiu<\/h6>\n","protected":false},"excerpt":{"rendered":"<p>Ayer se realiz\u00f3 un curso para quienes tienen a su cargo la elaboraci\u00f3n de los alimentos.<\/p>\n","protected":false},"author":2,"featured_media":86907,"comment_status":"closed","ping_status":"closed","sticky":false,"template":"","format":"standard","meta":{"footnotes":""},"categories":[2],"tags":[16],"class_list":["post-86906","post","type-post","status-publish","format-standard","has-post-thumbnail","hentry","category-informe-municipal","tag-catamarca"],"_links":{"self":[{"href":"http:\/\/argentinamunicipal.com.ar\/argentina\/wp-json\/wp\/v2\/posts\/86906","targetHints":{"allow":["GET"]}}],"collection":[{"href":"http:\/\/argentinamunicipal.com.ar\/argentina\/wp-json\/wp\/v2\/posts"}],"about":[{"href":"http:\/\/argentinamunicipal.com.ar\/argentina\/wp-json\/wp\/v2\/types\/post"}],"author":[{"embeddable":true,"href":"http:\/\/argentinamunicipal.com.ar\/argentina\/wp-json\/wp\/v2\/users\/2"}],"replies":[{"embeddable":true,"href":"http:\/\/argentinamunicipal.com.ar\/argentina\/wp-json\/wp\/v2\/comments?post=86906"}],"version-history":[{"count":0,"href":"http:\/\/argentinamunicipal.com.ar\/argentina\/wp-json\/wp\/v2\/posts\/86906\/revisions"}],"wp:featuredmedia":[{"embeddable":true,"href":"http:\/\/argentinamunicipal.com.ar\/argentina\/wp-json\/wp\/v2\/media\/86907"}],"wp:attachment":[{"href":"http:\/\/argentinamunicipal.com.ar\/argentina\/wp-json\/wp\/v2\/media?parent=86906"}],"wp:term":[{"taxonomy":"category","embeddable":true,"href":"http:\/\/argentinamunicipal.com.ar\/argentina\/wp-json\/wp\/v2\/categories?post=86906"},{"taxonomy":"post_tag","embeddable":true,"href":"http:\/\/argentinamunicipal.com.ar\/argentina\/wp-json\/wp\/v2\/tags?post=86906"}],"curies":[{"name":"wp","href":"https:\/\/api.w.org\/{rel}","templated":true}]}}