{"id":86919,"date":"2019-02-13T08:01:22","date_gmt":"2019-02-13T11:01:22","guid":{"rendered":"http:\/\/argentinamunicipal.com.ar\/argentina\/?p=86919"},"modified":"2019-02-13T08:01:22","modified_gmt":"2019-02-13T11:01:22","slug":"intervienen-la-ucr-de-santa-fe-por-no-adherir-a-cambiemos","status":"publish","type":"post","link":"http:\/\/argentinamunicipal.com.ar\/argentina\/intervienen-la-ucr-de-santa-fe-por-no-adherir-a-cambiemos\/","title":{"rendered":"Intervienen la UCR de Santa Fe por no adherir a Cambiemos"},"content":{"rendered":"<p>El titular del Comit\u00e9 Nacional, Alfredo Cornejo tom\u00f3 la decisi\u00f3n, que ser\u00e1 confirmada hoy.<\/p>\n<p>Alfredo Cornejo ya tom\u00f3 la decisi\u00f3n: el Comit\u00e9 Nacional de la UCR,\u00a0del que es presidente, intervendr\u00e1 la convenci\u00f3n radical de\u00a0Santa Fe, que el lunes a la noche decidi\u00f3 otorgar libertad de acci\u00f3n a sus dirigentes y afiliados en las elecciones de cargos provinciales, que se realizar\u00e1n el 16 de junio. En otras palabras, resolvi\u00f3 que el radicalismo no se adhiera a\u00a0Cambiemos.<\/p>\n<p>La determinaci\u00f3n de Cornejo constituye una suerte de latigazo partidario de alerta frente a los radicales rebeldes y, a la vez, un gesto de apoyo institucional a la reelecci\u00f3n de\u00a0Mauricio Macri, una semana despu\u00e9s de que decidiera no unificar la\u00a0elecci\u00f3n de Mendoza con la nacional.<\/p>\n<p>En\u00a0Santa Fe, Cambiemos tiene al PRO\u00a0como principal partido y es opositor al gobernante\u00a0Frente Progresista C\u00edvico y Social,\u00a0que lidera el socialismo y tiene al radicalismo como socio directo desde hace 15 a\u00f1os. O sea que en\u00a0Santa Fe\u00a0el radicalismo est\u00e1 partido en dos. De todas maneras, la mayor\u00eda de sus dirigentes forman parte del\u00a0Frente Progresista.\u00a0Por ejemplo, los tres \u00faltimos\u00a0vicegobernadores son de la UCR.<\/p>\n<p>La intervenci\u00f3n partidaria a la convenci\u00f3n santafesina ser\u00e1 confirmada hoy, en una reuni\u00f3n del\u00a0Comit\u00e9 Nacional de la UCR. Cornejo recibi\u00f3 la semana pasada en Mendoza al intendente de la capital de\u00a0Santa Fe, su correligionario\u00a0Jos\u00e9 Corral,quien a su vez lanz\u00f3 el mes pasado su precandidatura a gobernador, por Cambiemos. Corral, antecesor de Cornejo en la presidencia del\u00a0Comit\u00e9 Nacional de la UCR, fue a pedirle que intervenga la convenci\u00f3n. La intervenci\u00f3n le permitir\u00e1 a Corral utilizar el sello de la\u00a0UCR\u00a0para inscribir a Cambiemos como alianza provincial, pero no tendr\u00e1 ninguna incidencia sobre la decisi\u00f3n\u00a0de la mayor\u00eda de los radicales santafesinos de seguir integr\u00e1ndose al\u00a0Frente Progresista.<\/p>\n<p>\u201cVamos a respetar la voluntad de los dirigentes y afiliados. No habr\u00eda conflictos\u201d, asegur\u00f3 un colaborador directo del gobernador mendocino en di\u00e1logo con Los Andes. Se\u00f1al\u00f3 que la intervenci\u00f3n tiene el sentido pol\u00edtico de \u201creafirmar el esp\u00edritu de mantener el frente Cambiemos\u201d en todo el pa\u00eds y que, de todas maneras, \u201cen la pr\u00f3xima convenci\u00f3n nacional\u201d de la\u00a0UCR \u201cse discutir\u00e1 si vamos o no a llevar candidato propio\u201d.<\/p>\n<p>\u201cLa convenci\u00f3n de Santa Fe resolvi\u00f3 que sus dirigentes puedan participar de cualquier frente, sea el\u00a0Frente Progresista o Cambiemos,\u00a0pero que el partido como tal no se inscribir\u00e1 formalmente en ninguno. Esto es como decir que la UCR no se presentar\u00e1 a elecciones. El radicalismo, como partido nacional, s\u00ed se inscribir\u00e1 en el frente Cambiemos\u201d, sostuvo, para justificar la intervenci\u00f3n.<\/p>\n<p>Con el radicalismo dividido en esa provincia, la\u00a0UCR\u00a0podr\u00eda volver a tener candidato propio a gobernador despu\u00e9s de 12 a\u00f1os: la \u00faltima vez fue en la elecci\u00f3n de 2007, que gan\u00f3 el socialista\u00a0Hermes Binner, cuando la\u00a0diputada nacional de la UCR Alicia Tate\u00a0se present\u00f3 por la emblem\u00e1tica lista 3.<\/p>\n<p>De todas maneras, Corral deber\u00e1 pelear por la candidatura contra otro precandidato de Cambiemos, el diputad provincial macrista\u00a0Federico Angelini.<\/p>\n<p>Cr\u00edticas El ex diputado Ricardo Alfons\u00edn, uno de los referentes nacionales de los radicales d\u00edscolos, afirm\u00f3 que la intervenci\u00f3n de la UCR santafesina \u201cvulnera la voluntad de la mayor\u00eda de los radicales\u201d de esa provincia \u201cy afecta al federalismo partidario\u201d.<\/p>\n<p>En di\u00e1logo con Los Andes, Alfons\u00edn sostuvo que \u201cla convenci\u00f3n nacional de la UCR\u00a0siempre ha dejado a salvo la libertad de acci\u00f3n en distritos que por diferentes circunstancias necesitasen esquemas de alianzas m\u00e1s amplias\u201d. \u201cNo tiene ning\u00fan fundamento tomar una decisi\u00f3n de esa naturaleza\u201d,\u00a0afirm\u00f3 Ra\u00fal Alfons\u00edn, hijo.<\/p>\n<p>Carri\u00f3 ahora decidi\u00f3 dar su apoyo a Jos\u00e9 Corral<br \/>\nEn 2018, Elisa Carri\u00f3 hab\u00eda avisado que no acompa\u00f1ar\u00eda a Jos\u00e9 Corral en su intenci\u00f3n de ser el candidato a gobernador de Santa Fe.<\/p>\n<p>\u201cYo no lo apoyo\u201d,\u00a0sentenci\u00f3 con tono lapidario. La jefa de la\u00a0Coalici\u00f3n C\u00edvica\u00a0cre\u00eda que Mario Barletta era el mejor postulante, pero el embajador en Uruguay avis\u00f3 que no competir\u00eda contra su correligionario en una interna.<\/p>\n<p>Puesta a elegir entre el intendente de la capital santafesina y el diputado provincial del\u00a0PRO Federico Angelini, Carri\u00f3 ya eligi\u00f3. Volvi\u00f3 sobre sus pasos y ya le levanta la mano a Corral, el preferido de la Casa Rosada.<\/p>\n<h6>Fuente: Los Andes<\/h6>\n","protected":false},"excerpt":{"rendered":"<p>El titular del Comit\u00e9 Nacional, Alfredo Cornejo tom\u00f3 la decisi\u00f3n, que ser\u00e1 confirmada hoy.<\/p>\n","protected":false},"author":2,"featured_media":86920,"comment_status":"closed","ping_status":"closed","sticky":false,"template":"","format":"standard","meta":{"footnotes":""},"categories":[4],"tags":[10],"class_list":["post-86919","post","type-post","status-publish","format-standard","has-post-thumbnail","hentry","category-informe-politico","tag-santa-fe"],"_links":{"self":[{"href":"http:\/\/argentinamunicipal.com.ar\/argentina\/wp-json\/wp\/v2\/posts\/86919","targetHints":{"allow":["GET"]}}],"collection":[{"href":"http:\/\/argentinamunicipal.com.ar\/argentina\/wp-json\/wp\/v2\/posts"}],"about":[{"href":"http:\/\/argentinamunicipal.com.ar\/argentina\/wp-json\/wp\/v2\/types\/post"}],"author":[{"embeddable":true,"href":"http:\/\/argentinamunicipal.com.ar\/argentina\/wp-json\/wp\/v2\/users\/2"}],"replies":[{"embeddable":true,"href":"http:\/\/argentinamunicipal.com.ar\/argentina\/wp-json\/wp\/v2\/comments?post=86919"}],"version-history":[{"count":0,"href":"http:\/\/argentinamunicipal.com.ar\/argentina\/wp-json\/wp\/v2\/posts\/86919\/revisions"}],"wp:featuredmedia":[{"embeddable":true,"href":"http:\/\/argentinamunicipal.com.ar\/argentina\/wp-json\/wp\/v2\/media\/86920"}],"wp:attachment":[{"href":"http:\/\/argentinamunicipal.com.ar\/argentina\/wp-json\/wp\/v2\/media?parent=86919"}],"wp:term":[{"taxonomy":"category","embeddable":true,"href":"http:\/\/argentinamunicipal.com.ar\/argentina\/wp-json\/wp\/v2\/categories?post=86919"},{"taxonomy":"post_tag","embeddable":true,"href":"http:\/\/argentinamunicipal.com.ar\/argentina\/wp-json\/wp\/v2\/tags?post=86919"}],"curies":[{"name":"wp","href":"https:\/\/api.w.org\/{rel}","templated":true}]}}