{"id":86925,"date":"2019-02-13T08:08:41","date_gmt":"2019-02-13T11:08:41","guid":{"rendered":"http:\/\/argentinamunicipal.com.ar\/argentina\/?p=86925"},"modified":"2019-02-13T08:08:41","modified_gmt":"2019-02-13T11:08:41","slug":"buenos-aires-dos-anos-de-salarios-docentes-a-la-baja","status":"publish","type":"post","link":"http:\/\/argentinamunicipal.com.ar\/argentina\/buenos-aires-dos-anos-de-salarios-docentes-a-la-baja\/","title":{"rendered":"Buenos Aires: Dos a\u00f1os de salarios docentes a la baja"},"content":{"rendered":"<p>La paritaria de los maestros bonaerenses se inicia hoy y un informe del CEPA detalla que en 2018 los sueldos del sector cayeron un 16 por ciento y que en 2017 ya hab\u00edan perdido otros 7 puntos.<\/p>\n<p>Los docentes bonaerenses arrancan hoy la discusi\u00f3n de sus salarios con la administraci\u00f3n de Mar\u00eda Eugenia Vidal. A menos de un mes del comienzo de las clases, todo prefigura una paritaria dif\u00edcil. Los maestros vienen de perder ingresos durante dos a\u00f1os seguidos: en 2018 sus sueldos se redujeron un 16 por ciento, y en 2017 ya ven\u00edan de sufrir otra ca\u00edda de 7 puntos. Los gremios enfrentan as\u00ed la necesidad de recuperar los ingresos perdidos y obtener adem\u00e1s, para 2019, un acuerdo que no conlleve nuevas p\u00e9rdidas contra la inflaci\u00f3n. Esto en el marco del programa del brutal ajuste presupuestario que atraviesa el pa\u00eds y con un gobierno nacional que en 2017 evit\u00f3 y en 2018 elimin\u00f3 la paritaria federal, volcando sobre las provincias toda la carga de la negociaci\u00f3n.<\/p>\n<p>El dato sobre la ca\u00edda de los salarios de los maestros bonaerenses es parte del \u00faltimos informe del Centro de Econom\u00eda Pol\u00edtica Argentina (CEPA) sobre las paritarias docentes. El CEPA calcul\u00f3 cu\u00e1l deber\u00eda ser, en este marco, el aumento para que los salarios de los maestros de la provincia le empaten a la inflaci\u00f3n. La vara que tom\u00f3 para estimar la suba de los precios es una evaluaci\u00f3n oficial, el Relevamiento de Expectativas de Mercado elaborado por el Banco Central, y el tipo de salario considerado es el de un docente con un cargo y con diez a\u00f1os de antig\u00fcedad. En base a esta proyecci\u00f3n, para recuperar el poder de compra que ten\u00edan los salarios en diciembre de 2017 (reponiendo lo que perdieron durante el a\u00f1o pasado) y sostener esa capacidad adquisitiva a lo largo del 2019, el acuerdo de este a\u00f1o deber\u00eda alcanzar un 52 por ciento de aumento, con incrementos acumulativos del 3,6 por ciento mensual durante todo 2019 (ver gr\u00e1fico).<\/p>\n<p>El n\u00famero impacta por su magnitud. El autor del informe y titular del CEPA, Hern\u00e1n Letcher, apunta que a\u00fan considerando que se firmara una paritaria as\u00ed de elevada \u201cel promedio del poder adquisitivo de 2019, de todas formas, se mantendr\u00eda por debajo de los a\u00f1os anteriores\u201d, debido a la inflaci\u00f3n galopante que se vivi\u00f3, mes a mes, durante todo 2018.<\/p>\n<p>Es claro que para los sindicatos docentes de la provincia la \u00fanica garant\u00eda posible es una cl\u00e1usula gatillo de ajuste autom\u00e1tico por inflaci\u00f3n. El a\u00f1o pasado la gobernadora la rechaz\u00f3 de plano.<\/p>\n<p>La postura de Vidal fue primero fijar un techo salarial del 15 por ciento, porque esa era la proyecci\u00f3n inflacionaria que hac\u00eda el gobierno nacional. La gobernadora argument\u00f3 p\u00fablicamente que los docentes pod\u00edan quedarse tranquilos porque sus sueldos no estar\u00edan por debajo de la inflaci\u00f3n. La realidad la desminti\u00f3 en poco tiempo, pero a\u00fan as\u00ed durante todo 2018 no acord\u00f3 con los gremios. Ante la disparada de los precios, lo que hizo fue ir reajustando los salarios se manera unilateral, hasta que a fin de a\u00f1o determin\u00f3 por decreto un aumento del 32 por ciento, m\u00e1s 7 mil pesos adicionales. La inflaci\u00f3n anual fue, seg\u00fan el Indec, del 47,6 por ciento.<\/p>\n<p>El informe del CEPA enfoca, por otra parte, la cuesti\u00f3n de los sueldos de los maestros bonaerenses en relaci\u00f3n con todo el per\u00edodo de gobierno de Cambiemos. Comparando el poder adquisitivo de los salarios de 2015 en adelante, su conclusi\u00f3n fue que sufrieron una p\u00e9rdida mayor al 20 por ciento. En el gr\u00e1fico publicado se ve c\u00f3mo en 2016, cuando en su primeros meses de gesti\u00f3n Cambiemos llam\u00f3 a la paritaria nacional (por primera y \u00fanica vez), en la que se acord\u00f3 un aumento del 40 por ciento, los salarios de los docentes bonaerenses tuvieron un buen per\u00edodo.<\/p>\n<p>Finalmente, el CEPA estim\u00f3 la cantidad de bienes a los que pod\u00eda acceder un docente bonaerense en el \u00faltimo a\u00f1o del gobierno kirchnerista contra los de la gesti\u00f3n de Cambiemos. Tambi\u00e9n en este caso los n\u00fameros muestran la gravedad del deterioro. En 2015, con su salario, un docente de la provincia (siempre con un solo cargo y con diez a\u00f1os de antig\u00fcedad) pod\u00eda comprar bienes por el equivalente a 27.216 pesos de hoy. En 2016, el salario equivalente promedio fue de 26.062 pesos actuales. En 2017 se redujo a 24.004 pesos y en diciembre de 2018 a 21.745 pesos, su valor actual. El salario promedio del docente bonaerense, lejos de las promesas de Vidal, est\u00e1 por debajo de la l\u00ednea pobreza, que el Indec fija para la regi\u00f3n en 25.348 pesos.<\/p>\n<h6>Fuente: P\u00e1gina 12<\/h6>\n","protected":false},"excerpt":{"rendered":"<p>La paritaria de los maestros bonaerenses se inicia hoy y un informe del CEPA detalla que en 2018 los sueldos del sector cayeron un 16 por ciento y que en 2017 ya hab\u00edan perdido otros 7 puntos.<\/p>\n","protected":false},"author":2,"featured_media":86926,"comment_status":"closed","ping_status":"closed","sticky":false,"template":"","format":"standard","meta":{"footnotes":""},"categories":[65],"tags":[12],"class_list":["post-86925","post","type-post","status-publish","format-standard","has-post-thumbnail","hentry","category-provincias","tag-buenos-aires"],"_links":{"self":[{"href":"http:\/\/argentinamunicipal.com.ar\/argentina\/wp-json\/wp\/v2\/posts\/86925","targetHints":{"allow":["GET"]}}],"collection":[{"href":"http:\/\/argentinamunicipal.com.ar\/argentina\/wp-json\/wp\/v2\/posts"}],"about":[{"href":"http:\/\/argentinamunicipal.com.ar\/argentina\/wp-json\/wp\/v2\/types\/post"}],"author":[{"embeddable":true,"href":"http:\/\/argentinamunicipal.com.ar\/argentina\/wp-json\/wp\/v2\/users\/2"}],"replies":[{"embeddable":true,"href":"http:\/\/argentinamunicipal.com.ar\/argentina\/wp-json\/wp\/v2\/comments?post=86925"}],"version-history":[{"count":0,"href":"http:\/\/argentinamunicipal.com.ar\/argentina\/wp-json\/wp\/v2\/posts\/86925\/revisions"}],"wp:featuredmedia":[{"embeddable":true,"href":"http:\/\/argentinamunicipal.com.ar\/argentina\/wp-json\/wp\/v2\/media\/86926"}],"wp:attachment":[{"href":"http:\/\/argentinamunicipal.com.ar\/argentina\/wp-json\/wp\/v2\/media?parent=86925"}],"wp:term":[{"taxonomy":"category","embeddable":true,"href":"http:\/\/argentinamunicipal.com.ar\/argentina\/wp-json\/wp\/v2\/categories?post=86925"},{"taxonomy":"post_tag","embeddable":true,"href":"http:\/\/argentinamunicipal.com.ar\/argentina\/wp-json\/wp\/v2\/tags?post=86925"}],"curies":[{"name":"wp","href":"https:\/\/api.w.org\/{rel}","templated":true}]}}