{"id":86937,"date":"2019-02-13T06:19:28","date_gmt":"2019-02-13T09:19:28","guid":{"rendered":"http:\/\/argentinamunicipal.com.ar\/argentina\/?p=86937"},"modified":"2019-02-13T08:21:22","modified_gmt":"2019-02-13T11:21:22","slug":"el-gobernador-de-tucuman-inauguro-un-jardin-infantil-para-hijos-de-municipales-capitalinos","status":"publish","type":"post","link":"http:\/\/argentinamunicipal.com.ar\/argentina\/el-gobernador-de-tucuman-inauguro-un-jardin-infantil-para-hijos-de-municipales-capitalinos\/","title":{"rendered":"El gobernador de Tucum\u00e1n inaugur\u00f3 un jard\u00edn infantil para hijos de municipales capitalinos"},"content":{"rendered":"<p>El hecho forma parte de un hito para el SOEM capitalino porque, tras 74 a\u00f1os de historia institucional, pudo concretar la creaci\u00f3n de una casa escolar destinada a los hijos de municipales.<\/p>\n<p>El gobernador, Juan Manzur, particip\u00f3 ayer de la inauguraci\u00f3n del Instituto Privado SOEM Capital Tucum\u00e1n, un jard\u00edn de infantes del Sindicato de Obreros y Empleados Municipales (SOEM) de San Miguel de Tucum\u00e1n destinado a ni\u00f1os de 4 y 5 a\u00f1os, que abri\u00f3 sus puertas en un edificio ubicado en Baltazar Aguirre y Rondeau. El hecho forma parte de un hito para el SOEM capitalino porque, tras 74 a\u00f1os de historia institucional, pudo concretar la creaci\u00f3n de una casa escolar destinada a los hijos de municipales.<\/p>\n<p>\u201cEn la sede de los trabajadores municipales de San Miguel de Tucum\u00e1n, junto a referentes nacionales de la Confederaci\u00f3n de Trabajadores Municipales, compartimos esta alegr\u00eda de inaugurar un jard\u00edn de infantes para los hijos y nietos de los trabajadores municipales\u201d, coment\u00f3 el Gobernador que reconoci\u00f3 el valor de que el SOEM invierta en educaci\u00f3n.<\/p>\n<p>\u201cEl Gobierno de la Provincia va a estar a la par de los municipales para que cada vez haya mayor y mejor educaci\u00f3n. Un sue\u00f1o que se hace realidad y que se pone en marcha. Una instituci\u00f3n que cuenta con todas las acreditaciones correspondientes para que cuando inicie el ciclo lectivo 2019 puedan concurrir los hijos de los municipales\u201d, coment\u00f3.<\/p>\n<p>El ministro de Educaci\u00f3n, Juan pablo Lichtmajer, razon\u00f3 que promocionar la apertura de una instituci\u00f3n escolar es \u201cun d\u00eda de gran alegr\u00eda porque esta instituci\u00f3n representa la posibilidad de dar oportunidades a todos los tucumanos. Esta es la importancia de abrir un jard\u00edn de infantes. Es una se\u00f1al de qu\u00e9 es lo que le importa al Sindicato; al gobernador, Juan Manzur; y al Ministerio de Educaci\u00f3n de Tucum\u00e1n\u201d.<\/p>\n<p>\u00bfEn qu\u00e9 consisti\u00f3 el proyecto?<\/p>\n<p>Vale destacar que la propiedad tiene m\u00e1s de 500 m2 y que durante muchos a\u00f1os estuvo abandonado. Para concretar el proyecto, el SOEM, con apoyo provincial, pudo recuperar el predio y convertirlo en un remozado edificio para brindar educaci\u00f3n a los m\u00e1s peque\u00f1os.<\/p>\n<p>Osvaldo \u2018Cacho\u2019 Acosta, secretario general del SOEM, valor\u00f3 el apoyo de Manzur para poder desarrollar este proyecto: \u201cEl Gobernador ayud\u00f3 a los municipales para poder inaugurar este Instituto. Despu\u00e9s de 74 a\u00f1os de vida podremos brindar educaci\u00f3n a los hijos de los municipales. Algo que hac\u00eda much\u00edsima falta porque la educaci\u00f3n es un baluarte dentro de cada familia\u201d.<\/p>\n<p>En cuanto al dise\u00f1o curricular de la instituci\u00f3n, Acosta explic\u00f3: \u201cplanteamos un nivel educacional que dependa de docentes de la Junta de Clasificaci\u00f3n Docente del Ministerio de Educaci\u00f3n de Tucum\u00e1n. De esta manera, los alumnos que egresen ser\u00e1n avalados por\u00a0 disposiciones oficiales\u201d.<\/p>\n<p>En cuanto al apoyo del Gobierno provincial, el sindicalista afirm\u00f3: \u201cAgradecemos al Gobierno de la Provincia y al Ministerio de Educaci\u00f3n para consolidar este proyecto tan importante. Los ni\u00f1os son la esperanza del mundo. Hemos apuntalado esto con mucho sacrificio, con el apoyo del gobernador, Juan Manzur\u201d.<\/p>\n<p>Acosta dijo que, \u201cdesgraciadamente, el Intendente \u2013 Germ\u00e1n Alfaro\u2013 no dio su aporte, ni nos ayud\u00f3. Nos sojuzga diariamente con comportamientos totalmente antidemocr\u00e1ticos como cuando no reconoce una instituci\u00f3n con 74 a\u00f1os de historia. Mientras el Gobierno nacional s\u00ed lo hace, la Municipalidad nos da la espalda y ni siquiera podemos negociar salarios\u201d.<\/p>\n<p>Sobre la creaci\u00f3n del jard\u00edn infantil, Diego Cafarena, apoderado nacional de la Confederaci\u00f3n de Empleados Municipales de Argentina, coment\u00f3: \u201cme parece una cuesti\u00f3n fant\u00e1stica porque apostar a la educaci\u00f3n es apostar a la vida para que los chicos tengan trabajos dignos el d\u00eda de ma\u00f1ana\u201d.<\/p>\n<p>Cafarena valor\u00f3 que \u201clos municipales tienen un compa\u00f1ero en Juan Manzur. Un amigo que entiende la problem\u00e1tica de todos los municipales de la Provincia. En cambio, con la Capital, los trabajadores no tienen di\u00e1logo\u201d.<\/p>\n<p>La Provincia apoyar\u00e1 el desarrollo de un centro cultural y deportivo municipal<\/p>\n<p>Adem\u00e1s, durante el encuentro, delante de los trabajadores, Manzur promulg\u00f3 una ley aprobada por la Legislatura de Tucum\u00e1n por la cual se transfiere a t\u00edtulo gratuito al SOEM una fracci\u00f3n de una propiedad ubicada en calle Bolivia para el desarrollo de un Centro Deportivo y Cultural que podr\u00e1 ser utilizada por entidades de bien p\u00fablico y educativas.<\/p>\n<p>En su discurso, el Mandatario expres\u00f3 que \u201ccomo gobernador va a estar a la par de los municipales para concretar, ladrillo a ladrillo, el sue\u00f1o del Centro Deportivo y Cultural. El Sindicato ya tiene el lugar para construirlo, en su casa y con su gente\u201d.<\/p>\n<p>El titular del Ejecutivo\u00a0 tucumano manifest\u00f3 que la Provincia posibilitar\u00e1 que los empleados alcancen un viejo anhelo: \u201ctener un polideportivo para toda la familia en el que podr\u00e1n compartir los fines de semana, con su pileta de nataci\u00f3n y una cancha de b\u00e1squet\u201d.<\/p>\n<p>Acosta declar\u00f3 que la promulgaci\u00f3n de esta norma representa \u2018una gran emoci\u00f3n\u2019 para todos los municipales: \u201cposibilitar\u00e1 que las familias puedan compartir sus horas de descanso, practicando deportes y compartiendo un asado\u201d.<\/p>\n<p>Y asever\u00f3 que tras 74 a\u00f1os, \u201cel SOEM encuentra el respaldo del Gobernador para concretar proyectos. Como tambi\u00e9n lo hizo cuando era Ministro de Salud de la Naci\u00f3n que entreg\u00f3 una ambulancia equipada al Sindicato que hoy est\u00e1 al servicio de los afiliados\u201d y expres\u00f3 que en poco tiempo se inaugurar\u00e1 un vacunatorio con m\u00e9dico cl\u00ednico y enfermera para la atenci\u00f3n sanitaria en la instituci\u00f3n.<\/p>\n<h6>Fuente: Tucum\u00e1n Hoy<\/h6>\n","protected":false},"excerpt":{"rendered":"<p>El hecho forma parte de un hito para el SOEM capitalino porque, tras 74 a\u00f1os de historia institucional, pudo concretar la creaci\u00f3n de una casa escolar destinada a los hijos de municipales.<\/p>\n","protected":false},"author":2,"featured_media":86938,"comment_status":"closed","ping_status":"closed","sticky":false,"template":"","format":"standard","meta":{"footnotes":""},"categories":[7],"tags":[33],"class_list":["post-86937","post","type-post","status-publish","format-standard","has-post-thumbnail","hentry","category-informe-sindical","tag-tucuman"],"_links":{"self":[{"href":"http:\/\/argentinamunicipal.com.ar\/argentina\/wp-json\/wp\/v2\/posts\/86937","targetHints":{"allow":["GET"]}}],"collection":[{"href":"http:\/\/argentinamunicipal.com.ar\/argentina\/wp-json\/wp\/v2\/posts"}],"about":[{"href":"http:\/\/argentinamunicipal.com.ar\/argentina\/wp-json\/wp\/v2\/types\/post"}],"author":[{"embeddable":true,"href":"http:\/\/argentinamunicipal.com.ar\/argentina\/wp-json\/wp\/v2\/users\/2"}],"replies":[{"embeddable":true,"href":"http:\/\/argentinamunicipal.com.ar\/argentina\/wp-json\/wp\/v2\/comments?post=86937"}],"version-history":[{"count":0,"href":"http:\/\/argentinamunicipal.com.ar\/argentina\/wp-json\/wp\/v2\/posts\/86937\/revisions"}],"wp:featuredmedia":[{"embeddable":true,"href":"http:\/\/argentinamunicipal.com.ar\/argentina\/wp-json\/wp\/v2\/media\/86938"}],"wp:attachment":[{"href":"http:\/\/argentinamunicipal.com.ar\/argentina\/wp-json\/wp\/v2\/media?parent=86937"}],"wp:term":[{"taxonomy":"category","embeddable":true,"href":"http:\/\/argentinamunicipal.com.ar\/argentina\/wp-json\/wp\/v2\/categories?post=86937"},{"taxonomy":"post_tag","embeddable":true,"href":"http:\/\/argentinamunicipal.com.ar\/argentina\/wp-json\/wp\/v2\/tags?post=86937"}],"curies":[{"name":"wp","href":"https:\/\/api.w.org\/{rel}","templated":true}]}}