{"id":86944,"date":"2019-02-14T06:39:36","date_gmt":"2019-02-14T09:39:36","guid":{"rendered":"http:\/\/argentinamunicipal.com.ar\/argentina\/?p=86944"},"modified":"2019-02-14T06:39:36","modified_gmt":"2019-02-14T09:39:36","slug":"el-municipio-de-ushuaia-brinda-su-apoyo-a-los-desempleados-en-movimiento","status":"publish","type":"post","link":"http:\/\/argentinamunicipal.com.ar\/argentina\/el-municipio-de-ushuaia-brinda-su-apoyo-a-los-desempleados-en-movimiento\/","title":{"rendered":"El Municipio de Ushuaia brinda su apoyo a los \u2018Desempleados en Movimiento\u2019"},"content":{"rendered":"<p>La secretaria Legal y T\u00e9cnica Victoria Vuoto acompa\u00f1\u00f3 los festejos de la agrupaci\u00f3n, por los primeros siete meses de labor. Los integrantes agradecieron el \u201cconstante apoyo recibido por parte del Intendente Walter Vuoto\u201d, a trav\u00e9s del impulso de fuentes laborales vinculadas a la construcci\u00f3n y la gastronom\u00eda, \u201cpara poder sobrellevar la dif\u00edcil situaci\u00f3n econ\u00f3mica que se vive a nivel nacional\u201d, valoraron.<\/p>\n<p>La secretaria Legal y T\u00e9cnica del Municipio de Ushuaia, Victoria Vuoto, mantuvo un encuentro con integrantes de la Agrupaci\u00f3n \u201cDesempleados en Movimiento\u201d para generar acciones conjuntas que contribuyan a mejorar la situaci\u00f3n econ\u00f3mica de las familias, en un contexto nacional muy dif\u00edcil.<br \/>\nLa funcionaria indic\u00f3 que \u201cellos cumplieron siete meses desde su conformaci\u00f3n y nos invitaron a ser parte de los festejos con nuestra agrupaci\u00f3n pol\u00edtica \u2018Juntos Hacemos Ushuaia\u2019\u201d.<br \/>\nEn ese sentido, Vuoto se\u00f1al\u00f3 que \u201chace un tiempo venimos realizando un trabajo en conjunto con diversas actividades, para que los ni\u00f1os y ni\u00f1as pudieran tener unas fiestas de fin de a\u00f1o y reyes dignas\u201d, y agreg\u00f3 que \u201cpara eso realizamos una campa\u00f1a de donaci\u00f3n de juguetes y coordinamos un trabajo hacia adelante para mejorar la situaci\u00f3n actual que est\u00e1n atravesando\u201d.<br \/>\nLos integrantes de la agrupaci\u00f3n agradecieron el \u201cconstante apoyo recibido por parte del Intendente Walter Vuoto\u201d, a trav\u00e9s del impulso de fuentes laborales vinculadas a la construcci\u00f3n y la gastronom\u00eda, \u201cpara poder sobrellevar la dif\u00edcil situaci\u00f3n econ\u00f3mica que se vive a nivel nacional\u201d, valoraron.<\/p>\n<h6>Fuente: El Diario del Fin del Mundo<\/h6>\n","protected":false},"excerpt":{"rendered":"<p>La secretaria Legal y T\u00e9cnica Victoria Vuoto acompa\u00f1\u00f3 los festejos de la agrupaci\u00f3n, por los primeros siete meses de labor. Los integrantes agradecieron el \u201cconstante apoyo recibido por parte del Intendente Walter Vuoto\u201d<\/p>\n","protected":false},"author":2,"featured_media":86945,"comment_status":"closed","ping_status":"closed","sticky":false,"template":"","format":"standard","meta":{"footnotes":""},"categories":[2],"tags":[34],"class_list":["post-86944","post","type-post","status-publish","format-standard","has-post-thumbnail","hentry","category-informe-municipal","tag-tierra-del-fuego"],"_links":{"self":[{"href":"http:\/\/argentinamunicipal.com.ar\/argentina\/wp-json\/wp\/v2\/posts\/86944","targetHints":{"allow":["GET"]}}],"collection":[{"href":"http:\/\/argentinamunicipal.com.ar\/argentina\/wp-json\/wp\/v2\/posts"}],"about":[{"href":"http:\/\/argentinamunicipal.com.ar\/argentina\/wp-json\/wp\/v2\/types\/post"}],"author":[{"embeddable":true,"href":"http:\/\/argentinamunicipal.com.ar\/argentina\/wp-json\/wp\/v2\/users\/2"}],"replies":[{"embeddable":true,"href":"http:\/\/argentinamunicipal.com.ar\/argentina\/wp-json\/wp\/v2\/comments?post=86944"}],"version-history":[{"count":0,"href":"http:\/\/argentinamunicipal.com.ar\/argentina\/wp-json\/wp\/v2\/posts\/86944\/revisions"}],"wp:featuredmedia":[{"embeddable":true,"href":"http:\/\/argentinamunicipal.com.ar\/argentina\/wp-json\/wp\/v2\/media\/86945"}],"wp:attachment":[{"href":"http:\/\/argentinamunicipal.com.ar\/argentina\/wp-json\/wp\/v2\/media?parent=86944"}],"wp:term":[{"taxonomy":"category","embeddable":true,"href":"http:\/\/argentinamunicipal.com.ar\/argentina\/wp-json\/wp\/v2\/categories?post=86944"},{"taxonomy":"post_tag","embeddable":true,"href":"http:\/\/argentinamunicipal.com.ar\/argentina\/wp-json\/wp\/v2\/tags?post=86944"}],"curies":[{"name":"wp","href":"https:\/\/api.w.org\/{rel}","templated":true}]}}