{"id":86947,"date":"2019-02-14T06:46:18","date_gmt":"2019-02-14T09:46:18","guid":{"rendered":"http:\/\/argentinamunicipal.com.ar\/argentina\/?p=86947"},"modified":"2019-02-14T06:46:18","modified_gmt":"2019-02-14T09:46:18","slug":"en-movimiento-contra-el-hambre-y-los-tarifazos","status":"publish","type":"post","link":"http:\/\/argentinamunicipal.com.ar\/argentina\/en-movimiento-contra-el-hambre-y-los-tarifazos\/","title":{"rendered":"En movimiento contra el hambre y los tarifazos"},"content":{"rendered":"<p>Una multitud march\u00f3 \u201ccontra el hambre y los tarifazos\u201d, convocada por los movimientos sociales y organismos sindicales. Frente al Ministerio de Desarrollo Social, reclamaron alimentos para los comedores populares y aumentos en los salarios sociales y en la Asignaci\u00f3n Universal por Hijo.<\/p>\n<p>Con una marcha hasta el despacho de Carolina Stanley y manifestaciones en distintas provincias, los movimientos populares le reclamaron al Gobierno por la cr\u00edtica situaci\u00f3n social. \u201cHay hechos dram\u00e1ticos, dif\u00edciles de contar. Miles de Pymes est\u00e1n bajando la persiana: son los principales lugares de empleo y cierran. Si las tarifas se volvieron imposibles de pagar para la clase media, imaginen qu\u00e9 pasa con nuestros compa\u00f1eros en los barrios de la periferia&#8230; La \u00fanica salida que tenemos es engancharnos de la luz y eso nos pone en el lugar de la marginalidad\u201d, acus\u00f3, durante el acto frente al Ministerio de Desarrollo Social, el titular de la CTEP, Esteban Castro. La jornada se realiz\u00f3 con la consigna \u201ccontra el hambre y los tarifazos\u201d. En la v\u00edspera, la ministra Stanley, que acus\u00f3 a los movimientos de usar \u201cm\u00e9todos extorsivos\u201d, admiti\u00f3 que el \u00edndice de pobreza del Indec volver\u00e1 a subir en marzo.<\/p>\n<p>El reclamo fue convocado por la Coordinadora de Trabajadores de la Econom\u00eda Popular, Barrios de Pie, la Corriente Clasista y Combativa, el Frente Dar\u00edo Santill\u00e1n y el Frente de Organizaciones en Lucha. Son el conjunto de organizaciones sociales que hoy concentran la mayor capacidad de movilizaci\u00f3n y, al mismo tiempo, de negociaci\u00f3n con el Gobierno a trav\u00e9s de la Mesa de Di\u00e1logo, una instancia abierta a inicios de la gesti\u00f3n de Cambiemos con la intermediaci\u00f3n de la Iglesia cat\u00f3lica, que funciona m\u00e1s o menos espasm\u00f3dicamente. Desde ah\u00ed, por ejemplo, el Ministerio de Desarrollo Social motoriz\u00f3 el salario social complementario como reemplazo de los programas de empleo del gobierno anterior. O decidi\u00f3, sobre finales del a\u00f1o, un bono para los beneficiarios de planes sociales, que en cambio no lleg\u00f3 a los jubilados.<\/p>\n<p>Las organizaciones plantearon que es urgente que el Estado refuerce el env\u00edo de alimentos a los comedores porque el hambre ya est\u00e1 instalado como problema. En ese marco, pidieron tambi\u00e9n un aumento para el monto del salario social complementario, que qued\u00f3 estancado en 6 mil pesos, y un incremento de la Asignaci\u00f3n Universal por Hijo. Tambi\u00e9n reclamaron que se impulsen las propuestas incluidas en cuatro proyectos de ley presentados al Congreso, donde quedaron obstruidos por el oficialismo: los proyectos de Emergencia alimentaria, Infraestructura social, Agricultura familiar y Emergencia en adicciones.<\/p>\n<p>\u201cFue un a\u00f1o muy malo. El resultado de tres a\u00f1os de esta pol\u00edtica econ\u00f3mica est\u00e1 la vista: hubo una inflaci\u00f3n del 50 por ciento de aumento en los precios de los alimentos, mientras que la Asignaci\u00f3n Universal por Hijo fue recompuesta s\u00f3lo en 30 puntos. Esto significa una p\u00e9rdida de 20 puntos en el ingreso de los hogares, es decir que hoy se puede comprar un cuarto de lo que se pod\u00eda comprar hace un a\u00f1o. Esa realidad es evidente. El Gobierno no puede pretender que no haya reclamo. La gente no se va a quedar en su casa mirando c\u00f3mo se destruye el empleo, c\u00f3mo le impiden pensarse a partir de un trabajo, sin un plato de comida en su casa\u201d, resumi\u00f3 Daniel Men\u00e9ndez, de Barrios de Pie.<\/p>\n<p>Dina S\u00e1nchez, del Frente Dar\u00edo Santill\u00e1n, apunt\u00f3 que desde las organizaciones \u201cconstruimos alternativas para mejorar la calidad de vida pero eso no basta y el Estado est\u00e1 ausente\u201d. La referente agreg\u00f3 que la ministra de Desarrollo Social \u201cno tiene problema en decir que la pobreza seguir\u00e1 creciendo. En los barrios la situaci\u00f3n no se aguanta m\u00e1s\u201d.<\/p>\n<p>La marcha sali\u00f3 de tres puntos de la Ciudad de Buenos Aires \u2013el Congreso, Santa Fe y 9 de Julio y Carlos Calvo y la 9 de Julio\u2013 para confluir en el ministerio para el acto de cierre. La presencia de dirigentes sindicales como Roberto Baradel (de los docentes), Hugo Godoy (estatales), Juan Carlos Schmid (transporte), H\u00e9ctor Amichetti (gr\u00e1ficos) dio cuenta de la adhesi\u00f3n de las CTA, la Corriente Federal y la Confederaci\u00f3n del Transporte. Tambi\u00e9n estuvo Eduardo Mur\u00faa, del Movimiento Nacional de Empresas Recuperadas, y el Movimiento Misioneros de Francisco.<\/p>\n<p>\u201cLa importancia de hoy es el marco de unidad en el que se da, a partir de propuestas concretas que son constituidas y construidas en cada uno de nuestros territorios\u201d, dijo en este sentido Omar Giuliani, titular de la Federaci\u00f3n Nacional Territorial (Fenat). Y resalt\u00f3 que las organizaciones sociales \u201cponemos en letra aquello que cotidianamente realizamos cuando el Estado no est\u00e1 presente al servicio de los trabajadores y las trabajadoras, y s\u00ed est\u00e1 presente para pagar al FMI\u201d. Pablo Spataro, secretario general de la CTA-A Capital, plante\u00f3: \u201cMiles de trabajadores y trabajadoras de todo el pa\u00eds hemos ganado las calles para denunciar el modelo de desocupaci\u00f3n y pobreza que viene llevando gobierno nacional. Repudiamos sus pol\u00edticas econ\u00f3micas y sus consecuencias\u201d.<\/p>\n<p>Desde el Gobierno buscaron bajarle el precio a la protesta con los argumentos habituales. Los voceros del Ministerio de Desarrollo Social sostuvieron que la marcha fue \u201cun fracaso\u201d, que vieron \u201cmenos gente\u201d que la que las organizaciones hab\u00edan prometido. Tambi\u00e9n atribuyeron a esta supuesta menor convocatoria el adelantamiento del acto de cierre que, tras haber sido anunciado para las 13, termin\u00f3 a las 12.40.<\/p>\n<p>Desde las organizaciones, en cambio, remarcaron la masividad de la medida con un conteo de 200 mil personas movilizadas en la Ciudad de Buenos Aires y un mill\u00f3n a lo largo del pa\u00eds.<\/p>\n<h6>Fuente: P\u00e1gina 12<\/h6>\n","protected":false},"excerpt":{"rendered":"<p>Una multitud march\u00f3 \u201ccontra el hambre y los tarifazos\u201d, convocada por los movimientos sociales y organismos sindicales. <\/p>\n","protected":false},"author":2,"featured_media":86948,"comment_status":"closed","ping_status":"closed","sticky":false,"template":"","format":"standard","meta":{"footnotes":""},"categories":[8],"tags":[21],"class_list":["post-86947","post","type-post","status-publish","format-standard","has-post-thumbnail","hentry","category-informe-nacional","tag-argentina"],"_links":{"self":[{"href":"http:\/\/argentinamunicipal.com.ar\/argentina\/wp-json\/wp\/v2\/posts\/86947","targetHints":{"allow":["GET"]}}],"collection":[{"href":"http:\/\/argentinamunicipal.com.ar\/argentina\/wp-json\/wp\/v2\/posts"}],"about":[{"href":"http:\/\/argentinamunicipal.com.ar\/argentina\/wp-json\/wp\/v2\/types\/post"}],"author":[{"embeddable":true,"href":"http:\/\/argentinamunicipal.com.ar\/argentina\/wp-json\/wp\/v2\/users\/2"}],"replies":[{"embeddable":true,"href":"http:\/\/argentinamunicipal.com.ar\/argentina\/wp-json\/wp\/v2\/comments?post=86947"}],"version-history":[{"count":0,"href":"http:\/\/argentinamunicipal.com.ar\/argentina\/wp-json\/wp\/v2\/posts\/86947\/revisions"}],"wp:featuredmedia":[{"embeddable":true,"href":"http:\/\/argentinamunicipal.com.ar\/argentina\/wp-json\/wp\/v2\/media\/86948"}],"wp:attachment":[{"href":"http:\/\/argentinamunicipal.com.ar\/argentina\/wp-json\/wp\/v2\/media?parent=86947"}],"wp:term":[{"taxonomy":"category","embeddable":true,"href":"http:\/\/argentinamunicipal.com.ar\/argentina\/wp-json\/wp\/v2\/categories?post=86947"},{"taxonomy":"post_tag","embeddable":true,"href":"http:\/\/argentinamunicipal.com.ar\/argentina\/wp-json\/wp\/v2\/tags?post=86947"}],"curies":[{"name":"wp","href":"https:\/\/api.w.org\/{rel}","templated":true}]}}