{"id":86953,"date":"2019-02-14T06:53:35","date_gmt":"2019-02-14T09:53:35","guid":{"rendered":"http:\/\/argentinamunicipal.com.ar\/argentina\/?p=86953"},"modified":"2019-02-14T06:53:35","modified_gmt":"2019-02-14T09:53:35","slug":"nueva-critica-de-la-uia-el-modelo-economico-no-nos-sirve-a-los-industriales-ni-a-nadie","status":"publish","type":"post","link":"http:\/\/argentinamunicipal.com.ar\/argentina\/nueva-critica-de-la-uia-el-modelo-economico-no-nos-sirve-a-los-industriales-ni-a-nadie\/","title":{"rendered":"Nueva cr\u00edtica de la UIA: \u00abEl modelo econ\u00f3mico no nos sirve a los industriales ni a nadie\u00bb"},"content":{"rendered":"<p>\u00abLas perspectivas para este 2019 son que la industria va a volver a caer\u201d, alert\u00f3 el miembro del Comit\u00e9 Ejecutivo se la entidad, Jos\u00e9 Urtubey. Tambi\u00e9n denunci\u00f3 la cantidad de puestos de trabajo que se \u00e1rea perdi\u00f3 desde que gobierna Macri.<\/p>\n<p>El miembro del Comit\u00e9 Ejecutivo de la\u00a0Uni\u00f3n Industrial Argentina\u00a0(UIA)\u00a0Jos\u00e9 Urtubey\u00a0advirti\u00f3 que el actual modelo econ\u00f3mico \u00abno nos sirve a los industriales ni a nadie\u00bb.<\/p>\n<p>En ese sentido, el referente empresario explic\u00f3 que \u00ablas perspectivas para este 2019 son que la industria va a volver a caer, un 2,5%. Por eso, este modelo econ\u00f3mico no nos sirve a los industriales\u00bb.<\/p>\n<p>En ese sentido, denunci\u00f3 que\u00a0\u00abla mitad de la industria est\u00e1 paralizada\u201d. Durante una entrevista radial, Urtubey explic\u00f3 que \u201ceso sintetiza la crisis que vive el sector\u201d.<\/p>\n<p>\u201cEra obvio que \u00edbamos a terminar as\u00ed y\u00a0no hubo modificaciones en el rumbo que tom\u00f3 el gobierno nacional\u00bb, acus\u00f3 y record\u00f3 que estos tres a\u00f1os de Cambiemos en el poder\u00a0se perdieron 107 mil puestos de trabajo en la industria.<\/p>\n<p>\u00abNo conozco a nadie que le est\u00e9 yendo bien con este modelo econ\u00f3mico\u00bb, insisti\u00f3 e indic\u00f3 que el Gobierno \u00abest\u00e1 encorsetado con las decisiones del FMI\u00bb.<\/p>\n<p>Adem\u00e1s, coment\u00f3 que \u00abel a\u00f1o pasado nos dec\u00edan desde el Poder Ejecutivo que uno de los motores de la industria era (el yacimiento) Vaca Muerta, pero eso qued\u00f3 debilitado\u00bb.<\/p>\n<h6>Fuente: InfoNews<\/h6>\n","protected":false},"excerpt":{"rendered":"<p>\u00abLas perspectivas para este 2019 son que la industria va a volver a caer\u201d, alert\u00f3 el miembro del Comit\u00e9 Ejecutivo se la entidad, Jos\u00e9 Urtubey. Tambi\u00e9n denunci\u00f3 la cantidad de puestos de trabajo que se \u00e1rea perdi\u00f3 desde que gobierna Macri.\u00a0<\/p>\n","protected":false},"author":2,"featured_media":86954,"comment_status":"closed","ping_status":"closed","sticky":false,"template":"","format":"standard","meta":{"footnotes":""},"categories":[8],"tags":[21],"class_list":["post-86953","post","type-post","status-publish","format-standard","has-post-thumbnail","hentry","category-informe-nacional","tag-argentina"],"_links":{"self":[{"href":"http:\/\/argentinamunicipal.com.ar\/argentina\/wp-json\/wp\/v2\/posts\/86953","targetHints":{"allow":["GET"]}}],"collection":[{"href":"http:\/\/argentinamunicipal.com.ar\/argentina\/wp-json\/wp\/v2\/posts"}],"about":[{"href":"http:\/\/argentinamunicipal.com.ar\/argentina\/wp-json\/wp\/v2\/types\/post"}],"author":[{"embeddable":true,"href":"http:\/\/argentinamunicipal.com.ar\/argentina\/wp-json\/wp\/v2\/users\/2"}],"replies":[{"embeddable":true,"href":"http:\/\/argentinamunicipal.com.ar\/argentina\/wp-json\/wp\/v2\/comments?post=86953"}],"version-history":[{"count":0,"href":"http:\/\/argentinamunicipal.com.ar\/argentina\/wp-json\/wp\/v2\/posts\/86953\/revisions"}],"wp:featuredmedia":[{"embeddable":true,"href":"http:\/\/argentinamunicipal.com.ar\/argentina\/wp-json\/wp\/v2\/media\/86954"}],"wp:attachment":[{"href":"http:\/\/argentinamunicipal.com.ar\/argentina\/wp-json\/wp\/v2\/media?parent=86953"}],"wp:term":[{"taxonomy":"category","embeddable":true,"href":"http:\/\/argentinamunicipal.com.ar\/argentina\/wp-json\/wp\/v2\/categories?post=86953"},{"taxonomy":"post_tag","embeddable":true,"href":"http:\/\/argentinamunicipal.com.ar\/argentina\/wp-json\/wp\/v2\/tags?post=86953"}],"curies":[{"name":"wp","href":"https:\/\/api.w.org\/{rel}","templated":true}]}}