{"id":86956,"date":"2019-02-14T06:57:58","date_gmt":"2019-02-14T09:57:58","guid":{"rendered":"http:\/\/argentinamunicipal.com.ar\/argentina\/?p=86956"},"modified":"2019-02-14T06:57:58","modified_gmt":"2019-02-14T09:57:58","slug":"planeta-macri-estamos-en-una-posicion-mas-solida-que-en-2015","status":"publish","type":"post","link":"http:\/\/argentinamunicipal.com.ar\/argentina\/planeta-macri-estamos-en-una-posicion-mas-solida-que-en-2015\/","title":{"rendered":"Planeta Macri: \u00abEstamos en una posici\u00f3n m\u00e1s s\u00f3lida que en 2015\u00bb"},"content":{"rendered":"<p>Pese al mega endeudamiento y a los lapidarios indicadores econ\u00f3micos, el primer mandatario expres\u00f3 su peculiar evaluaci\u00f3n de la situaci\u00f3n econ\u00f3mica.<\/p>\n<p>Caen la industria, el consumo, el salario. Crecen la inflaci\u00f3n, la pobreza, la deuda externa. Sin embargo, blindado ante toda evidencia, el presidente\u00a0Macri\u00a0asegur\u00f3 este mi\u00e9rcoles que\u00a0\u00abestamos en una posici\u00f3n m\u00e1s s\u00f3lida\u00a0tambi\u00e9n en lo econ\u00f3mico\u00bb en\u00a0comparaci\u00f3n con 2015.<\/p>\n<p>En una entrevista que concedi\u00f3 a\u00a0FM Radio Pasi\u00f3n 96.5, de Buena Esperanza, provincia de San Luis, el jefe de Estado asegur\u00f3:\u00a0\u00abA pesar de los golpes, la Argentina est\u00e1 en una mejor posici\u00f3n para encarar el futuro de lo que estaba en 2015\u00bb.<\/p>\n<p>\u00abHay sectores en dificultades porque\u00a0estamos saliendo de todas las tormentasque enfrentamos el a\u00f1o pasado, con la sequ\u00eda, el corte de cr\u00e9dito internacional a los pa\u00edses emergentes, pero estamos en una posici\u00f3n m\u00e1s s\u00f3lida tambi\u00e9n en lo econ\u00f3mico\u00bb, complet\u00f3.<\/p>\n<p>\u00abHemos crecido a la luz de todas estas dificultades que hemos enfrentado y hemos entendido que no podemos vivir de prestado\u00bb, se\u00f1al\u00f3 justamente quien encabeza\u00a0el gobierno que mayor deuda ha tomado en la historia argentina.<\/p>\n<p>Tambi\u00e9n\u00a0repiti\u00f3 el latiguillo del \u00ab\u00fanico camino\u00bb\u00a0cuando afirm\u00f3:\u00a0\u00abEste es un camino que nos ha golpeado, que no es f\u00e1cil, yo entiendo a aquellos que est\u00e1n angustiados o enojados, pero cr\u00e9anme que es el \u00fanico camino\u00bb.<\/p>\n<p>Macri insisti\u00f3 adem\u00e1s con\u00a0echar culpas a los gobiernos anteriores:\u00a0\u00abHemos chocado con una realidad que la Argentina ven\u00eda viviendo por arriba de sus posibilidades, con gobiernos que gastaban m\u00e1s de lo que ten\u00edan\u00bb.<\/p>\n<p>\u00abDe golpe nos encontramos con que el mundo nos dej\u00f3 de dar cr\u00e9dito para sostener eso y tuvimos esta devaluaci\u00f3n grande y un aumento de la inflaci\u00f3n.\u00a0Y eso nos ha pegado\u00bb, seg\u00fan su an\u00e1lisis.<\/p>\n<p>Concluy\u00f3 con expresiones de deseo como\u00a0manifestando que tras el \u00abgolpe duro\u00bb del a\u00f1o pasado,\u00a0\u00abya est\u00e1 bajando la inflaci\u00f3n\u00bb\u00a0y \u00ablentamente va a mejorar la actividad econ\u00f3mica\u00bb.<\/p>\n<h6>Fuente: InfoNews<\/h6>\n","protected":false},"excerpt":{"rendered":"<p>Pese al mega endeudamiento y a los lapidarios indicadores econ\u00f3micos, el primer mandatario expres\u00f3 su peculiar evaluaci\u00f3n de la situaci\u00f3n econ\u00f3mica.<\/p>\n","protected":false},"author":2,"featured_media":86957,"comment_status":"closed","ping_status":"closed","sticky":false,"template":"","format":"standard","meta":{"footnotes":""},"categories":[8],"tags":[21],"class_list":["post-86956","post","type-post","status-publish","format-standard","has-post-thumbnail","hentry","category-informe-nacional","tag-argentina"],"_links":{"self":[{"href":"http:\/\/argentinamunicipal.com.ar\/argentina\/wp-json\/wp\/v2\/posts\/86956","targetHints":{"allow":["GET"]}}],"collection":[{"href":"http:\/\/argentinamunicipal.com.ar\/argentina\/wp-json\/wp\/v2\/posts"}],"about":[{"href":"http:\/\/argentinamunicipal.com.ar\/argentina\/wp-json\/wp\/v2\/types\/post"}],"author":[{"embeddable":true,"href":"http:\/\/argentinamunicipal.com.ar\/argentina\/wp-json\/wp\/v2\/users\/2"}],"replies":[{"embeddable":true,"href":"http:\/\/argentinamunicipal.com.ar\/argentina\/wp-json\/wp\/v2\/comments?post=86956"}],"version-history":[{"count":0,"href":"http:\/\/argentinamunicipal.com.ar\/argentina\/wp-json\/wp\/v2\/posts\/86956\/revisions"}],"wp:featuredmedia":[{"embeddable":true,"href":"http:\/\/argentinamunicipal.com.ar\/argentina\/wp-json\/wp\/v2\/media\/86957"}],"wp:attachment":[{"href":"http:\/\/argentinamunicipal.com.ar\/argentina\/wp-json\/wp\/v2\/media?parent=86956"}],"wp:term":[{"taxonomy":"category","embeddable":true,"href":"http:\/\/argentinamunicipal.com.ar\/argentina\/wp-json\/wp\/v2\/categories?post=86956"},{"taxonomy":"post_tag","embeddable":true,"href":"http:\/\/argentinamunicipal.com.ar\/argentina\/wp-json\/wp\/v2\/tags?post=86956"}],"curies":[{"name":"wp","href":"https:\/\/api.w.org\/{rel}","templated":true}]}}