{"id":87008,"date":"2019-02-18T06:34:14","date_gmt":"2019-02-18T09:34:14","guid":{"rendered":"http:\/\/argentinamunicipal.com.ar\/argentina\/?p=87008"},"modified":"2019-02-18T06:34:14","modified_gmt":"2019-02-18T09:34:14","slug":"los-intendentes-del-pj-buscan-sobresalir-entre-vidal-y-kicillof-mientras-esperan-un-candidato","status":"publish","type":"post","link":"http:\/\/argentinamunicipal.com.ar\/argentina\/los-intendentes-del-pj-buscan-sobresalir-entre-vidal-y-kicillof-mientras-esperan-un-candidato\/","title":{"rendered":"Los intendentes del PJ buscan sobresalir entre Vidal y Kicillof mientras esperan un candidato"},"content":{"rendered":"<p>Un grupo de intendentes justicialistas se las rebuscan para gestionar y mostrarse juntos y activos para hacerse camino propio<br \/>\nLos intendentes m\u00e1s identificados con el PJ bonaerense\u00a0buscan mostrarse unidos y activos, mientras gestionan para no descuidar sus territorios, ya que \u2013entienden- ser\u00e1n fundamentales en la pr\u00f3xima elecci\u00f3n. El objetivo\u00a0es aparecer como \u201cuna alternativa seria\u201d\u00a0a Cambiemos y\u00a0blindarse ante la posible aparici\u00f3n de un candidato \u2018importado\u2019 por el kirchnerismo.<\/p>\n<p>Con esa premisa, un grupo de jefes comunales se reuni\u00f3 este viernes con rectores de universidades nacionales del Conurbano y del Interior y este s\u00e1bado participaron de un encuentro en el Partido de La Costa.<\/p>\n<p>Los m\u00e1s movedizos por estos momentos son\u00a0el titular del partido Fernando Gray (Esteban Echeverr\u00eda), Ver\u00f3nica Magario (La Matanza), Andr\u00e9s Watson (Florencio Varela), Alberto Descalzo (Ituzaing\u00f3), Juan Zabaleta (Hurlingham), y Juan Pablo De Jes\u00fas, que ayer le toc\u00f3 ser anfitri\u00f3n.<\/p>\n<p>\u201cSi queremos que el pr\u00f3ximo Gobernador sea un intendente, tenemos que mostrar que estamos unidos y hacernos valer\u201d, coment\u00f3 a INFOCIELO un jefe comunal que este viernes estuvo en Universidad Nacional Arturo Jauretche, en territorio varelense.<\/p>\n<p>Los alcaldes buscan salir de la encerrona que les propina la coyuntura.\u00a0\u201cNosotros somos los que m\u00e1s hacemos para contener a la gente y Vidal hace campa\u00f1a y nos critica\u201d, agreg\u00f3 la misma fuente.<\/p>\n<p>All\u00ed, los jefes comunales recibieron por parte de los decanos el documento \u201cuna propuesta educativa para la Provincia de Buenos Aires\u201d. De esta esta forma, tambi\u00e9n, los justicialistas\u00a0buscan diferenciarse de Mar\u00eda Eugenia Vidal\u00a0en esta \u00e1rea, ya que el oficialismo ha puesto en duda varias veces la necesidad de abrir nuevas casa de altos estudios.<\/p>\n<p>En el medio,\u00a0este scrum de dirigentes\u00a0puja por la aparici\u00f3n de un nombre propio para levantar como bandera. M\u00e1s que nada, est\u00e1\u00a0a la espera de que\u00a0Magario\u00a0o\u00a0Mart\u00edn Insaurralde\u00a0se decidan.<\/p>\n<p>Magario aparece m\u00e1s participativa y menos esquiva a hablar del tema pero todav\u00eda deber resolver qu\u00e9 suceder\u00e1 con su distrito, que adem\u00e1s ser\u00e1 clave para los comicios en general.\u00a0El lomense, directamente, mantiene m\u00e1s misterio sobre sus pasos a seguir, a pesar del operativo clamor que ya est\u00e1 en marcha y que \u00e9l avala.<\/p>\n<p>En el horizonte est\u00e1 la figura de \u00c1xel Kicillof\u00a0y la intenci\u00f3n de La C\u00e1mpora y de otro sector de los intendentes de hacer jugar al exministro de Econom\u00eda de Cristina Kirchner en la competencia por la Gobernaci\u00f3n.<\/p>\n<p>No niegan que Kicillof, seg\u00fan varias encuestas, \u201cmide bien\u201d y es el que mejor puede capitalizar la figura de la expresidenta. Y le reconocen que \u201canuncia que va a estar tomado mate en una plaza y la llena\u201d, lo que lo hace diferente.<\/p>\n<h6>Fuente: InfoCielo<\/h6>\n","protected":false},"excerpt":{"rendered":"<p>Un grupo de intendentes justicialistas se las rebuscan para gestionar y mostrarse juntos y activos para hacerse camino propio<\/p>\n","protected":false},"author":2,"featured_media":87009,"comment_status":"closed","ping_status":"closed","sticky":false,"template":"","format":"standard","meta":{"footnotes":""},"categories":[4],"tags":[12],"class_list":["post-87008","post","type-post","status-publish","format-standard","has-post-thumbnail","hentry","category-informe-politico","tag-buenos-aires"],"_links":{"self":[{"href":"http:\/\/argentinamunicipal.com.ar\/argentina\/wp-json\/wp\/v2\/posts\/87008","targetHints":{"allow":["GET"]}}],"collection":[{"href":"http:\/\/argentinamunicipal.com.ar\/argentina\/wp-json\/wp\/v2\/posts"}],"about":[{"href":"http:\/\/argentinamunicipal.com.ar\/argentina\/wp-json\/wp\/v2\/types\/post"}],"author":[{"embeddable":true,"href":"http:\/\/argentinamunicipal.com.ar\/argentina\/wp-json\/wp\/v2\/users\/2"}],"replies":[{"embeddable":true,"href":"http:\/\/argentinamunicipal.com.ar\/argentina\/wp-json\/wp\/v2\/comments?post=87008"}],"version-history":[{"count":0,"href":"http:\/\/argentinamunicipal.com.ar\/argentina\/wp-json\/wp\/v2\/posts\/87008\/revisions"}],"wp:featuredmedia":[{"embeddable":true,"href":"http:\/\/argentinamunicipal.com.ar\/argentina\/wp-json\/wp\/v2\/media\/87009"}],"wp:attachment":[{"href":"http:\/\/argentinamunicipal.com.ar\/argentina\/wp-json\/wp\/v2\/media?parent=87008"}],"wp:term":[{"taxonomy":"category","embeddable":true,"href":"http:\/\/argentinamunicipal.com.ar\/argentina\/wp-json\/wp\/v2\/categories?post=87008"},{"taxonomy":"post_tag","embeddable":true,"href":"http:\/\/argentinamunicipal.com.ar\/argentina\/wp-json\/wp\/v2\/tags?post=87008"}],"curies":[{"name":"wp","href":"https:\/\/api.w.org\/{rel}","templated":true}]}}