{"id":87021,"date":"2019-02-18T06:45:09","date_gmt":"2019-02-18T09:45:09","guid":{"rendered":"http:\/\/argentinamunicipal.com.ar\/argentina\/?p=87021"},"modified":"2019-02-18T06:45:09","modified_gmt":"2019-02-18T09:45:09","slug":"asi-fue-la-pueblada-en-benito-juarez-para-detener-el-cierre-de-una-industria-historica","status":"publish","type":"post","link":"http:\/\/argentinamunicipal.com.ar\/argentina\/asi-fue-la-pueblada-en-benito-juarez-para-detener-el-cierre-de-una-industria-historica\/","title":{"rendered":"As\u00ed fue la \u201cpueblada\u201d en Benito Ju\u00e1rez para detener el cierre de una industria hist\u00f3rica"},"content":{"rendered":"<p>Se trata de la f\u00e1brica Charr\u00faa, que dej\u00f3 a m\u00e1s de 50 trabajadores en la calle. De la marcha de ayer, participaron alrededor de 600 personas, para una poblaci\u00f3n total de 20 mil.<br \/>\nM\u00e1s de\u00a0600 personas\u00a0se movilizaron por las calles de la peque\u00f1a localidad de\u00a0Benito Ju\u00e1rez\u00a0para intentar detener el cierre de la \u00fanica empresa de calzados de la ciudad, la cual hace poco anunci\u00f3 su cierre definitivo.<\/p>\n<p>Se trata de la hist\u00f3rica f\u00e1brica Charr\u00faa, perteneciente a la empresa VF Corporation, una multinacional norteamericana del rubro textil y de calzado, que ya anunci\u00f3 su cierre en la ciudad de solo\u00a020 mil habitantes.<\/p>\n<p>Con esta, se suma a lo ocurrido en la ciudad de Chivilcoy, luego de que la\u00a0f\u00e1brica de calzado Paquet\u00e1\u00a0cerrara sus puertas y dejara a m\u00e1s de 500 trabajadores en la calle.<\/p>\n<p>De la multitudinaria marcha participaron los trabajadores afectados, sus familias y vecinos y vecinas de Benito Ju\u00e1rez, quienes se vieron angustiados por la posibilidad del fin de la empresa que lleva m\u00e1s de\u00a040 a\u00f1os en la ciudad y vio pasar a cerca de mil familias.<\/p>\n<p>Adem\u00e1s, estuvo presente el propio intendente\u00a0Julio Marini\u00a0(FPV-PJ) y parte del oficialismo, quienes aseguran que ya est\u00e1n pensando en un plan alternativo para poder asistir a los trabajadores despedidos.<\/p>\n<p>Ese plan, sin embargo, no convence a los trabajadores, ya que afirman que all\u00ed\u00a0\u201cten\u00edan realizadas sus vidas\u201d.<\/p>\n<p>VF operaba desde 2017 mediante la firma AMESUD, propiedad de la familia Kim. Entonces contaba con 55 empleados, y se propon\u00eda mantener los vol\u00famenes de fabricaci\u00f3n que le demandaba VF y proveer adem\u00e1s a otras marcas, como Vitamina y Tucci, con la meta de vender a todo el pa\u00eds, de acuerdo al anuncio que el Gerente Administrativo y Controler de la Textil Amesud S.A.\u00a0Jorge Luis Killane, efectu\u00f3 en ese momento.<\/p>\n<h6>Fuente: InfoCielo<\/h6>\n","protected":false},"excerpt":{"rendered":"<p>Se trata de la f\u00e1brica Charr\u00faa, que dej\u00f3 a m\u00e1s de 50 trabajadores en la calle. De la marcha de ayer, participaron alrededor de 600 personas, para una poblaci\u00f3n total de 20 mil.<\/p>\n","protected":false},"author":2,"featured_media":87022,"comment_status":"closed","ping_status":"closed","sticky":false,"template":"","format":"standard","meta":{"footnotes":""},"categories":[2],"tags":[12],"class_list":["post-87021","post","type-post","status-publish","format-standard","has-post-thumbnail","hentry","category-informe-municipal","tag-buenos-aires"],"_links":{"self":[{"href":"http:\/\/argentinamunicipal.com.ar\/argentina\/wp-json\/wp\/v2\/posts\/87021","targetHints":{"allow":["GET"]}}],"collection":[{"href":"http:\/\/argentinamunicipal.com.ar\/argentina\/wp-json\/wp\/v2\/posts"}],"about":[{"href":"http:\/\/argentinamunicipal.com.ar\/argentina\/wp-json\/wp\/v2\/types\/post"}],"author":[{"embeddable":true,"href":"http:\/\/argentinamunicipal.com.ar\/argentina\/wp-json\/wp\/v2\/users\/2"}],"replies":[{"embeddable":true,"href":"http:\/\/argentinamunicipal.com.ar\/argentina\/wp-json\/wp\/v2\/comments?post=87021"}],"version-history":[{"count":0,"href":"http:\/\/argentinamunicipal.com.ar\/argentina\/wp-json\/wp\/v2\/posts\/87021\/revisions"}],"wp:featuredmedia":[{"embeddable":true,"href":"http:\/\/argentinamunicipal.com.ar\/argentina\/wp-json\/wp\/v2\/media\/87022"}],"wp:attachment":[{"href":"http:\/\/argentinamunicipal.com.ar\/argentina\/wp-json\/wp\/v2\/media?parent=87021"}],"wp:term":[{"taxonomy":"category","embeddable":true,"href":"http:\/\/argentinamunicipal.com.ar\/argentina\/wp-json\/wp\/v2\/categories?post=87021"},{"taxonomy":"post_tag","embeddable":true,"href":"http:\/\/argentinamunicipal.com.ar\/argentina\/wp-json\/wp\/v2\/tags?post=87021"}],"curies":[{"name":"wp","href":"https:\/\/api.w.org\/{rel}","templated":true}]}}