{"id":87024,"date":"2019-02-18T05:00:42","date_gmt":"2019-02-18T08:00:42","guid":{"rendered":"http:\/\/argentinamunicipal.com.ar\/argentina\/?p=87024"},"modified":"2019-02-18T06:49:57","modified_gmt":"2019-02-18T09:49:57","slug":"otro-golpe-a-los-jubilados","status":"publish","type":"post","link":"http:\/\/argentinamunicipal.com.ar\/argentina\/otro-golpe-a-los-jubilados\/","title":{"rendered":"Otro golpe a los jubilados"},"content":{"rendered":"<p>El reintegro beneficiaba a los jubilados m\u00e1s humildes, titulares de planes sociales, trabajadores del servicio dom\u00e9stico y personas con pensiones no contributivas menores a la b\u00e1sica. El tope de la devoluci\u00f3n era de apenas 300 pesos por mes.<\/p>\n<p>El gobierno de Mauricio Macri decidi\u00f3 no prorrogar la ley 27.253 que venci\u00f3 el pasado 31 de diciembre y le garantizaba un reintegro del 15 por ciento del IVA por compras con tarjeta de d\u00e9bito a jubilados y pensionados con el haber m\u00ednimo, beneficiarios de la Asignaci\u00f3n Universal por Hijo y del plan Progresar, trabajadores de servicio dom\u00e9stico y personas con pensiones no contributivas menores a la b\u00e1sica. De este modo, contin\u00faa la quita de beneficios a los sectores que menos tienen en medio de la mayor crisis inflacionaria que registra el pa\u00eds desde 1991 para cumplir con el plan de d\u00e9ficit cero que impuso el FMI a cambio de financiar al oficialismo hasta las pr\u00f3ximas elecciones.<\/p>\n<p>El l\u00edmite de la devoluci\u00f3n era de apenas 300 pesos por mes, monto congelado desde 2016. Lo que hizo el ministerio de Hacienda que encabeza, Nicol\u00e1s Dujovne, primero fue empezar a licuarlo en comparaci\u00f3n con la inflaci\u00f3n creciente hasta que finalmente lo elimin\u00f3.<\/p>\n<p>No es la primera medida que el gobierno de Macri toma en los \u00faltimos meses en contra de los sectores de menores ingresos, que han venido siendo castigados por la disparada de la inflaci\u00f3n. A fin de a\u00f1o oficializ\u00f3 la eliminaci\u00f3n de la tarifa social nacional de luz y gas. A su vez, la secretar\u00eda de Energ\u00eda congel\u00f3 el subsidio a la garrafa social y el Ministerio de Educaci\u00f3n hizo lo mismo con la beca que reciben los beneficiarios del plan Progresar. La inflaci\u00f3n le ha permitido a Macri recortar ingresos en t\u00e9rminos reales sin tener que enfrentar la resistencia que hubiera generado un recorte en los montos nominales, como llev\u00f3 adelante la Alianza encabezada por Fernando De la R\u00faa durante la \u00faltima etapa de vigencia del plan de Convertibilidad, entre 1999 y 2001.<\/p>\n<p>P\u00e1ginaI12 inform\u00f3 adem\u00e1s el s\u00e1bado que el Ministerio de Desarrollo Social comenz\u00f3 a enviar cartas a los beneficiarios de pensiones por discapacidad en las que los intima a actualizar sus datos m\u00e9dicos mediante un nuevo sistema digital, que la mayor\u00eda de los establecimientos sanitarios p\u00fablicos no est\u00e1 en condiciones de otorgar, en un plazo de apenas 60 d\u00edas. Una vez cumplido ese plazo, la Agencia Nacional de Discapacidad (Andis) est\u00e1 habilitada para \u201cproceder a la suspensi\u00f3n del pago de la Pensi\u00f3n No Contributiva por Invalidez Laboral\u201d, seg\u00fan las cartas documento oficiales recibidas por algunos beneficiarios -a las que accedi\u00f3 este diario- y que llevan la firma del director nacional de Apoyos y Asignaciones Econ\u00f3micas del organismo, Juan Cruz Escard\u00f3. En Santiago del Estero el viernes le lleg\u00f3 la carta a un trabajador que tiene invalidez laboral por una pierna amputada y a otro que tuvo un ACV y utiliza un tr\u00edpode para caminar. Si no logran presentar lo que les piden, perder\u00e1n el beneficio y reci\u00e9n podr\u00edan volver a cobrarlo si inician el tr\u00e1mite nuevamente, aunque en ese caso deber\u00e1n esperar varios a\u00f1os porque otra de las estrategias del ministerio que conduce Carolina Stanley es demorar el an\u00e1lisis de los expedientes para no tener que ampliar la n\u00f3mina de beneficiarios.<\/p>\n<h6>Fuente: P\u00e1gina 12<\/h6>\n","protected":false},"excerpt":{"rendered":"<p>El reintegro beneficiaba a los jubilados m\u00e1s humildes, titulares de planes sociales, trabajadores del servicio dom\u00e9stico y personas con pensiones no contributivas menores a la b\u00e1sica. El tope de la devoluci\u00f3n era de apenas 300 pesos por mes.<\/p>\n","protected":false},"author":2,"featured_media":87025,"comment_status":"closed","ping_status":"closed","sticky":false,"template":"","format":"standard","meta":{"footnotes":""},"categories":[8],"tags":[21],"class_list":["post-87024","post","type-post","status-publish","format-standard","has-post-thumbnail","hentry","category-informe-nacional","tag-argentina"],"_links":{"self":[{"href":"http:\/\/argentinamunicipal.com.ar\/argentina\/wp-json\/wp\/v2\/posts\/87024","targetHints":{"allow":["GET"]}}],"collection":[{"href":"http:\/\/argentinamunicipal.com.ar\/argentina\/wp-json\/wp\/v2\/posts"}],"about":[{"href":"http:\/\/argentinamunicipal.com.ar\/argentina\/wp-json\/wp\/v2\/types\/post"}],"author":[{"embeddable":true,"href":"http:\/\/argentinamunicipal.com.ar\/argentina\/wp-json\/wp\/v2\/users\/2"}],"replies":[{"embeddable":true,"href":"http:\/\/argentinamunicipal.com.ar\/argentina\/wp-json\/wp\/v2\/comments?post=87024"}],"version-history":[{"count":0,"href":"http:\/\/argentinamunicipal.com.ar\/argentina\/wp-json\/wp\/v2\/posts\/87024\/revisions"}],"wp:featuredmedia":[{"embeddable":true,"href":"http:\/\/argentinamunicipal.com.ar\/argentina\/wp-json\/wp\/v2\/media\/87025"}],"wp:attachment":[{"href":"http:\/\/argentinamunicipal.com.ar\/argentina\/wp-json\/wp\/v2\/media?parent=87024"}],"wp:term":[{"taxonomy":"category","embeddable":true,"href":"http:\/\/argentinamunicipal.com.ar\/argentina\/wp-json\/wp\/v2\/categories?post=87024"},{"taxonomy":"post_tag","embeddable":true,"href":"http:\/\/argentinamunicipal.com.ar\/argentina\/wp-json\/wp\/v2\/tags?post=87024"}],"curies":[{"name":"wp","href":"https:\/\/api.w.org\/{rel}","templated":true}]}}