{"id":87027,"date":"2019-02-18T06:53:46","date_gmt":"2019-02-18T09:53:46","guid":{"rendered":"http:\/\/argentinamunicipal.com.ar\/argentina\/?p=87027"},"modified":"2019-02-18T06:53:46","modified_gmt":"2019-02-18T09:53:46","slug":"fascismo-elecciones-y-plan-c","status":"publish","type":"post","link":"http:\/\/argentinamunicipal.com.ar\/argentina\/fascismo-elecciones-y-plan-c\/","title":{"rendered":"Fascismo, elecciones y Plan C"},"content":{"rendered":"<p>Ahora el fascismo est\u00e1 aqu\u00ed. Como esta columna se\u00f1ala desde hace dos a\u00f1os, y m\u00e1s all\u00e1 de resistencias de compa\u00f1er@s\u00a0que sugirieron apresuramiento e inconveniencia, ya est\u00e1 a la vista y en la piel del pa\u00eds. S\u00f3lo faltaba su despertar, porque desde el vamos se insinuaba en decisiones, modos y actitudes del gobierno macrista, toleradas por la c\u00f3mplice aceptaci\u00f3n de esa entelequia llamada \u201cperonismo bueno, moderno, federal o gobernabilista\u201d que mantiene enferma, a\u00fan hoy, a gran parte de las dirigencias pol\u00edticas.<\/p>\n<p>Y ahora aqu\u00ed est\u00e1 como en todo el mundo, revivido y potente. En el enorme Brasil y en otros pa\u00edses hermanos. En Italia y en Espa\u00f1a ya estruendoso y revanchista, y en muchas otras naciones larvario pero creciente. Y entre nosotros, visible en el negacionismo, la represi\u00f3n policial creciente y el odio y el racismo inducidos cuyas expresiones fueron y son el encarcelamiento de Milagro Sala y los asesinatos de Santiago Maldonado, Rafael Nahuel y el tucumanito Facundo Ferreira, por lo menos. Y racismo que se expresa en el destrato a los pueblos originarios: mapuches en el Sur, kollas en el Norte, y bolivianos, paraguayos y negros en general, perseguidos incluso por sus hermanos polic\u00edas, embrutecidos a conciencia por un gobierno que los alecciona para ser traidores y hasta asesinos.<\/p>\n<p>Y lo vemos tambi\u00e9n en Chile, donde sus clases acomodadas se pretenden \u201clos ingleses de Am\u00e9rica\u201d, pero cuyo 40 por ciento de ciudadan\u00eda est\u00e1 en iguales condiciones de miseria y marginaci\u00f3n que los otros pueblos del continente, originarios y no. Excepto en Bolivia \u2013hoy el pa\u00eds con mayor y mejor desarrollo relativo de Nuestra Am\u00e9rica, y donde los pueblos originarios son gobierno y se reafirman como naci\u00f3n plurinacional, desmintiendo todos los prejuicios del racismo latinoamericano\u2013 en el resto de Sudam\u00e9rica el fascismo est\u00e1 volviendo a ser una amenaza.<\/p>\n<p>Definamos entonces, antes de que algunos intelectuales y los trolls onanistas se apliquen a in\u00fatiles cuestionamientos, algunas caracter\u00edsticas de lo que entendemos por fascismo: mezcla de autoritarismo gubernamental intolerante; fomento del odio en todas sus expresiones; racismo activo y verbalizado; una Justicia que no es tal; sectarismo de clase en todas sus expresiones; dictadura medi\u00e1tica; negacionismo y recorte de derechos c\u00edvicos; poder econ\u00f3mico hiperconcentrado y al servicio transnacional. En tales contextos, el enemigo del pueblo argentino ya no es Macri solamente. Es, podr\u00eda decirse, el bolsonarismo como contempor\u00e1nea expresi\u00f3n triunfal de la insolidaridad, la inmoralidad y el autoritarismo en todo el mundo.<\/p>\n<p>Ah\u00ed tienen al Sr. Olmedo, sojero y diputado ricach\u00f3n de Salta, quien a pesar de su discurso medieval, por momentos risible y rid\u00edculo \u2013y quiz\u00e1s por eso mismo\u2013 ya \u201cmide\u201d en algunas encuestas con hasta un 6 o 7% que, aunque peque\u00f1o, puede ser una bomba de tiempo. Claro que esas mediciones pueden ser mentirosas como muchas que est\u00e1n en boga. Y disculpar\u00e1n este aserto\u00a0l@s\u00a0encuestador@s\u00a0m\u00e1s\u00a0seri@s\u00a0\u2013que tambi\u00e9n hay\u2013 pero cada vez est\u00e1 m\u00e1s instalada en\u00a0much@s\u00a0ciudadan@s\u00a0la idea de que hoy en la Argentina muchas encuestas dicen lo que quiere quien las paga.<\/p>\n<p>Como sea, lo cierto es que hoy el mamarracho salte\u00f1o es uno de los candidatos que m\u00e1s sostenidamente crece y a quien acompa\u00f1ar\u00eda, se dice en mentideros afines, la Sra. Cecilia Pando.<\/p>\n<p>La pregunta es entonces audaz, casi delirante: \u00bfqui\u00e9n lo va a enfrentar si en el \u00faltimo momento la candidatura de CFK es impedida por la mafia pol\u00edtico-comunicacional-judicial?<\/p>\n<p>Ah\u00ed acaso se est\u00e9 incubando un drama concreto, y al menos a este columnista le resulta entre raro y absurdo que muchos destacados dirigentes no lo est\u00e9n viendo. O lo ven y no saben qu\u00e9 decir.<\/p>\n<p>Obvio que abrir este debate es riesgoso. Pero cerrarlo, o negarlo, podr\u00eda ser peor.<\/p>\n<p>Quiz\u00e1 sea tambi\u00e9n por esto que casi toda la oposici\u00f3n pol\u00edtica en nuestro pa\u00eds mira con inocultable desconcierto y ansiedad creciente a la ex presidenta, que maneja hilos y tiempos con sutileza, pero a\u00fan no se pronuncia.<\/p>\n<p>Desde ya que CFK parece ser la \u00fanica garant\u00eda para acabar con el desastre que vive nuestra naci\u00f3n. Pero entonces otra vez esta columna subraya la necesidad de un Plan C. Porque si hay algo que las mafias del poder macrista no van a tolerar es su candidatura. El fascismo si hay algo que no tiene son dudas. Y si alguien por ignorarlo sue\u00f1a con negociar con el Diablo, estar\u00e1 jugando con fuego. Porque el elenco de presidenciables alternativos que propone el sistema est\u00e1 sobrado de impresentables.<\/p>\n<p>Sin dudas la unidad electoral del campo popular es imperiosa y urgente, pero su condici\u00f3n b\u00e1sica y necesaria \u2013si CFK no fuese candidata\u2013 exige por lo menos tres condiciones: no salir corriendo a inventar un Haddad a \u00faltimo momento; que el candidato sustituto no tenga absolutamente nada que ver con embajadas, departamentos de estado ni econom\u00edas neoliberales; y que est\u00e9\u00a0decidid@\u00a0y sea capaz de hacer cirug\u00eda pol\u00edtica, econ\u00f3mica y social, y hacerla veloz, a fondo y sin dobleces.<\/p>\n<p>Para lo cual, y dicho sea con todas las letras, los apellidos Massa, Lavagna, Pichetto, Urtubey y algunos otros que surgen de esas canteras, distan mucho de ser los apropiados para semejante tarea.<\/p>\n<p>Con el radicalismo en descalabro, el socialismo fragmentado, una izquierda atomizada y la otra sectaria, el pueblo condenado a pobreza y desocupaci\u00f3n, y con la educaci\u00f3n y la salud p\u00fablica en ca\u00edda libre, algunos en El Manifiesto Argentino pensamos que la candidatura de CFK deber\u00eda lanzarse ya, ahora, para conducir la mejor Argentina de los \u00faltimos 64 a\u00f1os, sin hesitaciones y corrigiendo errores cometidos.<\/p>\n<p>Pero si no es ella \u2013porque no quiere o no puede o no la dejan\u2013 entonces sepamos que ha empezado la carrera.<\/p>\n<p>Por\u00a0Mempo Giardinelli<\/p>\n<h6>Fuente: P\u00e1gina 12<\/h6>\n","protected":false},"excerpt":{"rendered":"<p>Ahora el fascismo est\u00e1 aqu\u00ed. Como esta columna se\u00f1ala desde hace dos a\u00f1os, y m\u00e1s all\u00e1 de resistencias de compa\u00f1er@s\u00a0que sugirieron apresuramiento e inconveniencia, ya est\u00e1 a la vista y en la piel del pa\u00eds.<\/p>\n","protected":false},"author":2,"featured_media":87028,"comment_status":"closed","ping_status":"closed","sticky":false,"template":"","format":"standard","meta":{"footnotes":""},"categories":[6],"tags":[21],"class_list":["post-87027","post","type-post","status-publish","format-standard","has-post-thumbnail","hentry","category-opiniones","tag-argentina"],"_links":{"self":[{"href":"http:\/\/argentinamunicipal.com.ar\/argentina\/wp-json\/wp\/v2\/posts\/87027","targetHints":{"allow":["GET"]}}],"collection":[{"href":"http:\/\/argentinamunicipal.com.ar\/argentina\/wp-json\/wp\/v2\/posts"}],"about":[{"href":"http:\/\/argentinamunicipal.com.ar\/argentina\/wp-json\/wp\/v2\/types\/post"}],"author":[{"embeddable":true,"href":"http:\/\/argentinamunicipal.com.ar\/argentina\/wp-json\/wp\/v2\/users\/2"}],"replies":[{"embeddable":true,"href":"http:\/\/argentinamunicipal.com.ar\/argentina\/wp-json\/wp\/v2\/comments?post=87027"}],"version-history":[{"count":0,"href":"http:\/\/argentinamunicipal.com.ar\/argentina\/wp-json\/wp\/v2\/posts\/87027\/revisions"}],"wp:featuredmedia":[{"embeddable":true,"href":"http:\/\/argentinamunicipal.com.ar\/argentina\/wp-json\/wp\/v2\/media\/87028"}],"wp:attachment":[{"href":"http:\/\/argentinamunicipal.com.ar\/argentina\/wp-json\/wp\/v2\/media?parent=87027"}],"wp:term":[{"taxonomy":"category","embeddable":true,"href":"http:\/\/argentinamunicipal.com.ar\/argentina\/wp-json\/wp\/v2\/categories?post=87027"},{"taxonomy":"post_tag","embeddable":true,"href":"http:\/\/argentinamunicipal.com.ar\/argentina\/wp-json\/wp\/v2\/tags?post=87027"}],"curies":[{"name":"wp","href":"https:\/\/api.w.org\/{rel}","templated":true}]}}