{"id":87039,"date":"2019-02-18T07:06:33","date_gmt":"2019-02-18T10:06:33","guid":{"rendered":"http:\/\/argentinamunicipal.com.ar\/argentina\/?p=87039"},"modified":"2019-02-18T07:06:33","modified_gmt":"2019-02-18T10:06:33","slug":"tercer-mes-de-movilizaciones-en-francia","status":"publish","type":"post","link":"http:\/\/argentinamunicipal.com.ar\/argentina\/tercer-mes-de-movilizaciones-en-francia\/","title":{"rendered":"Tercer mes de movilizaciones en Francia"},"content":{"rendered":"<p>La concentraci\u00f3n, fuertemente vigilada por las fuerzas del orden, se desarrollaba en un ambiente tranquilo, a pesar de algunos silbidos, bengalas de humo y c\u00e1nticos hostiles contra la polic\u00eda y Macron.<\/p>\n<p>Miles de \u201cchalecos amarillos\u201d manifestaron este s\u00e1bado en Par\u00eds y en varias ciudades de Francia, tres meses despu\u00e9s del nacimiento de este movimiento de protesta social que persiste. El ministerio de Interior estim\u00f3 en 41.500 los manifestantes en todo el pa\u00eds, de los cuales 5.000 en Par\u00eds, cifra inferior a la de la semana anterior.<\/p>\n<p>En Par\u00eds, punto tradicional de fuertes movilizaciones, los manifestantes se congregaron en la plaza de l\u2019\u00c9toile para descender por la c\u00e9lebre avenida de los Campos El\u00edseos, antes de cruzar los puentes sobre el Sena y proseguir la manifestaci\u00f3n en otras grandes avenidas parisinas.<\/p>\n<p>\u201cHe participado de casi todas las manifestaciones. Vemos c\u00f3mo el servicio p\u00fablico se va al diablo\u201d, declar\u00f3 \u00a0Marion, enfermera en Par\u00eds, que calific\u00f3 de \u201ccortina de humo\u201d el \u201cgran debate\u201d lanzado por el presidente Emmanuel Macron a trav\u00e9s de todo el pa\u00eds. \u201cNo creemos en eso, no vamos a participar\u201d, asever\u00f3.<\/p>\n<p>La concentraci\u00f3n, fuertemente vigilada por las fuerzas del orden, se desarrollaba en un ambiente tranquilo, a pesar de algunos silbidos, bengalas de humo y c\u00e1nticos hostiles contra la polic\u00eda y el presidente franc\u00e9s (\u201c\u00a1Emmanuel Macron, venimos a buscarte a tu casa!\u201d).<\/p>\n<p>Por la tarde, al margen de la manifestaci\u00f3n en el barrio de Montparnasse, el fil\u00f3sofo Alain Finkielkraut se cruz\u00f3 con la columna de manifestantes que lo abuchearon e insultaron trat\u00e1ndolo de \u201csionista de mierda\u201d, lo que fue condenado con fuerza por el propio presidente Macron.<\/p>\n<p>Este movimiento in\u00e9dito, iniciado el 17 de noviembre y que se gest\u00f3 en las redes sociales para protestar contra un nuevo impuesto al combustible, llamado \u201cecol\u00f3gico\u201d, se expandi\u00f3 por toda Francia y oblig\u00f3 al gobierno a tomar medidas sociales y lanzar un gran debate nacional.<\/p>\n<p>Los \u201cchalecos amarillos\u201d fueron sumando m\u00faltiples reivindicaciones, que en la actualidad van desde una mejora del poder adquisitivo hasta una mayor justicia social y fiscal, pasando por una democracia m\u00e1s horizontal o la exigencia de referendos ciudadanos. Algunos piden la renuncia de Emmanuel Macron.<\/p>\n<p>En otras ciudades se registraron momentos de tensi\u00f3n, en particular en Burdeos (suroeste) en donde el movimiento de protesta est\u00e1 bien arraigado.<\/p>\n<p>Varias columnas con miles de manifestantes marcharon por los barrios acomodados de la ciudad proclamando \u201cmuerte a los ricos\u201d. Los manifestantes llegaron luego al centro hist\u00f3rico en donde se registraron enfrentamientos con la polic\u00eda. Seg\u00fan la polic\u00eda fueron unos 5.000 los manifestantes en esta ciudad.<\/p>\n<p>Al menos 2.000 manifestantes desfilaron en Pontivy (oeste), gran centro de protestas en la regi\u00f3n de Breta\u00f1a. En Toulouse, suroeste, otro basti\u00f3n de protesta, varios miles de \u201cchalecos amarillos\u201d manifestaron. Asimismo en Nantes (oeste) la manifestaci\u00f3n congreg\u00f3 a unas 1.600 personas, seg\u00fan la polic\u00eda. Hubo algunos incidentes.<\/p>\n<p>En Lyon (este) varios miles de manifestantes intentaron bloquear el tr\u00e1nsito en una autopista, lo que provoc\u00f3 importantes dificultades en el tr\u00e1nsito. En el este de Francia, los \u201cchalecos amarillos\u201d volvieron a reunirse en las rotondas de los pueblos y ciudades, que fue uno de los modos de acci\u00f3n con los que empez\u00f3 el movimiento a mediados de noviembre.<\/p>\n<p>El s\u00e1bado pasado, 51.400 manifestantes se movilizaron en toda Francia, una cifra de nuevo inferior a protestas anteriores. Sin embargo, el movimiento rechaza que est\u00e9 debilitado, y s\u00f3lo concede que ha habido un estancamiento de sus fuerzas.<\/p>\n<p>La protesta, que cont\u00f3 con un amplio apoyo popular al principio, ahora se empieza a desmoronar: por primera vez, la mayor\u00eda de los franceses (56%) quiere que se detenga la movilizaci\u00f3n, seg\u00fan un sondeo de Elabe publicado el mi\u00e9rcoles. Los modos de acci\u00f3n de la protesta han sido ampliamente debatidos en el seno de este movimiento heterog\u00e9neo, que ha debilitado al gobierno franc\u00e9s oblig\u00e1ndolo a hacer concesiones y lanzar un gran debate nacional para intentar salir de la crisis.<\/p>\n<p>Pero, persiste el di\u00e1logo de sordos entre un gobierno preocupado por promover su \u201cgran debate\u201d y los manifestantes que denuncian una consulta de fachada.<\/p>\n<h6>Fuente: P\u00e1gina 12<\/h6>\n","protected":false},"excerpt":{"rendered":"<p>La concentraci\u00f3n, fuertemente vigilada por las fuerzas del orden, se desarrollaba en un ambiente tranquilo, a pesar de algunos silbidos, bengalas de humo y c\u00e1nticos hostiles contra la polic\u00eda y Macron.<\/p>\n","protected":false},"author":2,"featured_media":87040,"comment_status":"closed","ping_status":"closed","sticky":false,"template":"","format":"standard","meta":{"footnotes":""},"categories":[22],"tags":[21],"class_list":["post-87039","post","type-post","status-publish","format-standard","has-post-thumbnail","hentry","category-el-mundo","tag-argentina"],"_links":{"self":[{"href":"http:\/\/argentinamunicipal.com.ar\/argentina\/wp-json\/wp\/v2\/posts\/87039","targetHints":{"allow":["GET"]}}],"collection":[{"href":"http:\/\/argentinamunicipal.com.ar\/argentina\/wp-json\/wp\/v2\/posts"}],"about":[{"href":"http:\/\/argentinamunicipal.com.ar\/argentina\/wp-json\/wp\/v2\/types\/post"}],"author":[{"embeddable":true,"href":"http:\/\/argentinamunicipal.com.ar\/argentina\/wp-json\/wp\/v2\/users\/2"}],"replies":[{"embeddable":true,"href":"http:\/\/argentinamunicipal.com.ar\/argentina\/wp-json\/wp\/v2\/comments?post=87039"}],"version-history":[{"count":0,"href":"http:\/\/argentinamunicipal.com.ar\/argentina\/wp-json\/wp\/v2\/posts\/87039\/revisions"}],"wp:featuredmedia":[{"embeddable":true,"href":"http:\/\/argentinamunicipal.com.ar\/argentina\/wp-json\/wp\/v2\/media\/87040"}],"wp:attachment":[{"href":"http:\/\/argentinamunicipal.com.ar\/argentina\/wp-json\/wp\/v2\/media?parent=87039"}],"wp:term":[{"taxonomy":"category","embeddable":true,"href":"http:\/\/argentinamunicipal.com.ar\/argentina\/wp-json\/wp\/v2\/categories?post=87039"},{"taxonomy":"post_tag","embeddable":true,"href":"http:\/\/argentinamunicipal.com.ar\/argentina\/wp-json\/wp\/v2\/tags?post=87039"}],"curies":[{"name":"wp","href":"https:\/\/api.w.org\/{rel}","templated":true}]}}