{"id":87049,"date":"2019-02-18T07:27:28","date_gmt":"2019-02-18T10:27:28","guid":{"rendered":"http:\/\/argentinamunicipal.com.ar\/argentina\/?p=87049"},"modified":"2019-02-18T07:27:28","modified_gmt":"2019-02-18T10:27:28","slug":"humahuaca-ya-se-prepara-para-vivir-el-carnaval","status":"publish","type":"post","link":"http:\/\/argentinamunicipal.com.ar\/argentina\/humahuaca-ya-se-prepara-para-vivir-el-carnaval\/","title":{"rendered":"Humahuaca ya se prepara para vivir el carnaval"},"content":{"rendered":"<p>Se programaron un sinn\u00famero de actividades culturales para los miles de visitantes que llegar\u00e1n hasta la regi\u00f3n.Los primeros indicadores de la ocupaci\u00f3n hotelera en la ciudad, en base a las reservas, son muy alentadores.<\/p>\n<p>Humahuaca se prepara para vivir los festejos carnestolendos con una gran cantidad de actividades culturales y hasta el momento con casi la totalidad de su plaza hotelera completa.<\/p>\n<p>Esta ciudad es sin dudas uno de los lugares m\u00e1s elegidos de la provincia por los visitantes para vivir el aut\u00e9ntico carnaval quebrade\u00f1o. Las celebraciones carnestolendas ser\u00e1n exitosas en materia tur\u00edstica, as\u00ed lo se\u00f1alan los primeros n\u00fameros de ocupaci\u00f3n hotelera que ya indican una ocupaci\u00f3n plena para el primer fin de semana de Carnaval grande.<\/p>\n<p>Desde la comuna local se\u00f1alaron que las expectativas son superar la gran cantidad de visitantes del a\u00f1o pasado y que son optimistas ya que los primeros indicadores de la ocupaci\u00f3n hotelera en la ciudad son muy alentadores.<\/p>\n<p>El intendente Leonel Herrera expres\u00f3 \u00abestamos muy contentos por el inter\u00e9s creciente que despierta a\u00f1o tras a\u00f1o el carnaval no solo en nuestra ciudad sino tambi\u00e9n en las comunidades del interior\u00bb y a\u00f1adi\u00f3 que \u00abesta festividad adem\u00e1s de mantener nuestra cultura viva con la profunda tradici\u00f3n humahuaque\u00f1a que luego se fue replicando en toda la Quebrada y la provincia sigue siendo tan aut\u00e9ntica que nos distingue y hace que muchos turistas elijan Humahuaca para celebrar el carnaval\u00bb.<\/p>\n<p>El jefe comunal adem\u00e1s indic\u00f3 que \u00abesperamos que como viene ocurriendo estos \u00faltimos a\u00f1os, esta festividad siga siendo un motor econ\u00f3mico para nuestros ciudadanos que se ven beneficiados con la llegada de una gran cantidad de visitantes que dinamizan nuestra econom\u00eda\u00bb.<\/p>\n<p>Actividades culturales<\/p>\n<p>Humahuaca presenta una gran cantidad de actividades culturales previstas para este mes en que ya se asoma el Carnaval.<\/p>\n<p>El jueves 21 de febrero, en la localidad de Ocumazo se realizar\u00e1 el XVII Encuentro de Compadres que dar\u00e1 inicio al mediod\u00eda. Ese mismo d\u00eda, en la localidad de Uqu\u00eda se concretar\u00e1 una nueva edici\u00f3n del Festival de Anateros y agricultores.<\/p>\n<p>El 23, en la localidad de Coctaca se realizar\u00e1 el XX Encuentro de las mujeres andinas con los sabores de la historia y Serenata a los andenes de cultivo.<\/p>\n<p>El 24, est\u00e1 previsto el VI Alborozo El\u00e9ctrico en Humahuaca. El jueves 28, marcando ya el inicio del Carnaval se realizar\u00e1 el Jueves de Comadres y una nueva edici\u00f3n del Festival de la Chicha y la Copla con el topamiento de comadres. Por la noche tendr\u00e1 lugar el recital de \u00abBicho D\u00edaz y la Electra folcl\u00f3rica\u00bb.<\/p>\n<p>El 1 de marzo en Uqu\u00eda se realizar\u00e1 el Festival de la Chicha y la Copla y por la noche en la ciudad de Humahuaca tendr\u00e1 lugar un nuevo Encuentro de Instrumentistas en la explanada del Monumento a los H\u00e9roes de la Independencia.Carnaval grande<\/p>\n<p>El 2 de marzo en Humahuaca a las 10 se realiza en la catedral, la misa de las comparsas y bendici\u00f3n de banderas. Luego los presidentes de las comparsas se dirigen a la explanada del Monumento a los H\u00e9roes de la Independencia para participar de la chayada de banderas y el topamiento de presidentes. Como es tradicional, la primera invitaci\u00f3n es organizada por la comuna local con la actuaci\u00f3n de grupos folcl\u00f3ricos que hacen bailar a todos los presentes que generalmente copan el monumento humahuaque\u00f1o para dar inicio de manera oficial al Carnaval 2019.<\/p>\n<p>Al mediod\u00eda como es tradicional, algunas comparsas organizan los almuerzos y por la tarde o noche, la mayor\u00eda de las comparsas se dirigen a sus mojones a desenterrar el Carnaval. Por la noche, las comparsas realizan bailes populares. El 5 de marzo, se realiza como en toda la provincia el Martes de Chaya, d\u00eda en el que se agradece a la Pachamama por todo lo logrado y conseguido el \u00faltimo a\u00f1o. Se trata de una de las fiestas m\u00e1s tradicionales de la regi\u00f3n andina que marca el final del Carnaval Grande y coincide con el inicio de la Cuaresma.<\/p>\n<p>Carnaval chico<\/p>\n<p>El domingo 10 de marzo, las comparsas humahuaque\u00f1as realizan la ceremonia del Entierro en sus respectivos mojones, marcando as\u00ed el final del Carnaval. El d\u00eda 16 de marzo se realiza el Carnaval de Flores en Humahuaca y el 23 de marzo tendr\u00e1 lugar el carnaval de Remache. El 24 de marzo, en Miyuyoc se realizar\u00e1 el Festival de la Quena y la Copla y el 30 de marzo, en la localidad de Calete se realizar\u00e1 una nueva edici\u00f3n del Festival de la Zanahoria y encuentro de Acordeonistas, culminando as\u00ed con las actividades culturales previstas dentro del Alborozo Humahuaque\u00f1o.<\/p>\n<p>Gran expectativa por la asistencia de la gente<\/p>\n<p>Los presidentes de las comparsas humahuaque\u00f1as esperan un exitoso Carnaval.<\/p>\n<p>Pedro Segarra, presidente de la tradicional comparsa \u201cRosas y Claveles\u201d y una de las m\u00e1s antiguas de Humahuaca, expres\u00f3 que \u201ccreemos que vamos a tener mucha gente en este Carnaval, esperamos superar la cantidad de gente que tuvimos el a\u00f1o pasado, que fue much\u00edsima\u201d.<\/p>\n<p>Asimismo, detall\u00f3 que el s\u00e1bado 2 de marzo, al mediod\u00eda los simpatizantes de la comparsa se congregan en el sal\u00f3n junto a los diferentes padrinos para realizar la chaya y compartir un almuerzo comunitario gratuito y por la tarde se dirigen al moj\u00f3n ubicado a la vera de la ruta nacional N\u00ba 9 para realizar la ceremonia del Desentierro.<\/p>\n<p>\u201cRosas y Claveles\u201d es una de las comparsas con m\u00e1s historia y m\u00e1s convocantes de la Quebrada con una gran cantidad de disfrazados que se destacan cada a\u00f1o por el gran atractivo que esto representa para los locales y turistas.<\/p>\n<p>\u201cLa Diablada\u201d<\/p>\n<p>Por otra parte, Juan Carlos Vargas, referente de la comparsa \u201cLa Diablada\u201d expres\u00f3 que \u201cesperamos con muchas ansias el inicio del Carnaval, ya tenemos la banda de calle, el grupo de tarkeros que acompa\u00f1an y nuestros ciento veinte disfrazados con sesenta trajes nuevos de diablos\u201d.<\/p>\n<p>\u201cRespetando los tiempos andinosvamos a desenterrar el 2 de marzo\u201d,dijo al remarcar su preocupaci\u00f3n porla \u201cdistorsi\u00f3n del Carnaval\u201d ya quemuchas comparsas est\u00e1n sacando aldiablo en un tiempo que no es el indicado.<\/p>\n<h6>Fuente: El Tribuno<\/h6>\n","protected":false},"excerpt":{"rendered":"<p>Se programaron un sinn\u00famero de actividades culturales para los miles de visitantes que llegar\u00e1n hasta la regi\u00f3n.Los primeros indicadores de la ocupaci\u00f3n hotelera en la ciudad, en base a las reservas, son muy alentadores.<\/p>\n","protected":false},"author":2,"featured_media":87050,"comment_status":"closed","ping_status":"closed","sticky":false,"template":"","format":"standard","meta":{"footnotes":""},"categories":[47],"tags":[25],"class_list":["post-87049","post","type-post","status-publish","format-standard","has-post-thumbnail","hentry","category-fiestas","tag-jujuy"],"_links":{"self":[{"href":"http:\/\/argentinamunicipal.com.ar\/argentina\/wp-json\/wp\/v2\/posts\/87049","targetHints":{"allow":["GET"]}}],"collection":[{"href":"http:\/\/argentinamunicipal.com.ar\/argentina\/wp-json\/wp\/v2\/posts"}],"about":[{"href":"http:\/\/argentinamunicipal.com.ar\/argentina\/wp-json\/wp\/v2\/types\/post"}],"author":[{"embeddable":true,"href":"http:\/\/argentinamunicipal.com.ar\/argentina\/wp-json\/wp\/v2\/users\/2"}],"replies":[{"embeddable":true,"href":"http:\/\/argentinamunicipal.com.ar\/argentina\/wp-json\/wp\/v2\/comments?post=87049"}],"version-history":[{"count":0,"href":"http:\/\/argentinamunicipal.com.ar\/argentina\/wp-json\/wp\/v2\/posts\/87049\/revisions"}],"wp:featuredmedia":[{"embeddable":true,"href":"http:\/\/argentinamunicipal.com.ar\/argentina\/wp-json\/wp\/v2\/media\/87050"}],"wp:attachment":[{"href":"http:\/\/argentinamunicipal.com.ar\/argentina\/wp-json\/wp\/v2\/media?parent=87049"}],"wp:term":[{"taxonomy":"category","embeddable":true,"href":"http:\/\/argentinamunicipal.com.ar\/argentina\/wp-json\/wp\/v2\/categories?post=87049"},{"taxonomy":"post_tag","embeddable":true,"href":"http:\/\/argentinamunicipal.com.ar\/argentina\/wp-json\/wp\/v2\/tags?post=87049"}],"curies":[{"name":"wp","href":"https:\/\/api.w.org\/{rel}","templated":true}]}}