{"id":87052,"date":"2019-02-18T07:30:21","date_gmt":"2019-02-18T10:30:21","guid":{"rendered":"http:\/\/argentinamunicipal.com.ar\/argentina\/?p=87052"},"modified":"2019-02-18T07:30:21","modified_gmt":"2019-02-18T10:30:21","slug":"la-inflacion-en-las-provincias-se-ubico-muy-por-encima-del-promedio-nacional","status":"publish","type":"post","link":"http:\/\/argentinamunicipal.com.ar\/argentina\/la-inflacion-en-las-provincias-se-ubico-muy-por-encima-del-promedio-nacional\/","title":{"rendered":"La inflaci\u00f3n en las provincias se ubic\u00f3 muy por encima del promedio nacional"},"content":{"rendered":"<p>El Indec anunci\u00f3 que en enero la inflaci\u00f3n nacional fue del 2,9 por ciento, pero las provincias mostraron que fronteras adentro los precios aumentaron bastante m\u00e1s.<\/p>\n<p>Por afuera de los \u00edndices sobre inflaci\u00f3n dados a conocer por el Indec este jueves, las\u00a0provincias\u00a0anunciaron sus propias mediciones y en casi todos los casos los n\u00fameros se posicionaron\u00a0por encima del promedio nacional.<\/p>\n<p>El\u00a0\u00cdndice de Precios al Consumidor del interior del pa\u00eds\u00a0en enero qued\u00f3\u00a0m\u00e1s cerca del 4 por ciento\u00a0que del ya de por si alto 2,9\u00a0que comunic\u00f3 el Gobierno para el total pa\u00eds.<\/p>\n<p>En\u00a0C\u00f3rdona, por ejemplo, el gobierno de\u00a0Juan Schiaretti\u00a0se\u00f1al\u00f3 un \u00edndice del\u00a03,97 por ciento para el primer mes del a\u00f1o.<\/p>\n<p>\u00abLa variaci\u00f3n se explica principalmente por los aumentos en propiedades, agua y gas envasado; as\u00ed como en alimentos y bebidas. Tambi\u00e9n en transporte y comunicaciones, seg\u00fan especific\u00f3 la provincia mediterr\u00e1nea.<\/p>\n<p>Neuqu\u00e9n, que en menos de un mes elegir\u00e1 gobernador, registr\u00f3 en tanto el\u00a02,97%. En la provincia patag\u00f3nica la suba interanual fue feroz: 54,86%. En este caso el n\u00famero (m\u00e1s alto que el interanual de diciembre) se vio potenciado por los incrementos en vivienda (69,92%), art\u00edculos de tocador y cuidado personal (65,64%) y transporte (58,77%), seg\u00fan public\u00f3 el diario \u00c1mbito Financiero.<\/p>\n<p>Por su parte,\u00a0Mendoza, gobernada por el radical\u00a0Alfredo Cornejo, fue la \u00fanica provincia con un IPD inferior al nacional:\u00a02,7 por ciento.\u00a0Pero la acumulada interanual fue m\u00e1s alta que la del pa\u00eds: 56,5% frente a un promedio nacional del 49,3%<\/p>\n<h6>Fuente: InfoNews<\/h6>\n","protected":false},"excerpt":{"rendered":"<p>El Indec anunci\u00f3 que en enero la inflaci\u00f3n nacional fue del 2,9 por ciento, pero las provincias mostraron que fronteras adentro los precios aumentaron bastante m\u00e1s.<\/p>\n","protected":false},"author":2,"featured_media":87053,"comment_status":"closed","ping_status":"closed","sticky":false,"template":"","format":"standard","meta":{"footnotes":""},"categories":[65],"tags":[21],"class_list":["post-87052","post","type-post","status-publish","format-standard","has-post-thumbnail","hentry","category-provincias","tag-argentina"],"_links":{"self":[{"href":"http:\/\/argentinamunicipal.com.ar\/argentina\/wp-json\/wp\/v2\/posts\/87052","targetHints":{"allow":["GET"]}}],"collection":[{"href":"http:\/\/argentinamunicipal.com.ar\/argentina\/wp-json\/wp\/v2\/posts"}],"about":[{"href":"http:\/\/argentinamunicipal.com.ar\/argentina\/wp-json\/wp\/v2\/types\/post"}],"author":[{"embeddable":true,"href":"http:\/\/argentinamunicipal.com.ar\/argentina\/wp-json\/wp\/v2\/users\/2"}],"replies":[{"embeddable":true,"href":"http:\/\/argentinamunicipal.com.ar\/argentina\/wp-json\/wp\/v2\/comments?post=87052"}],"version-history":[{"count":0,"href":"http:\/\/argentinamunicipal.com.ar\/argentina\/wp-json\/wp\/v2\/posts\/87052\/revisions"}],"wp:featuredmedia":[{"embeddable":true,"href":"http:\/\/argentinamunicipal.com.ar\/argentina\/wp-json\/wp\/v2\/media\/87053"}],"wp:attachment":[{"href":"http:\/\/argentinamunicipal.com.ar\/argentina\/wp-json\/wp\/v2\/media?parent=87052"}],"wp:term":[{"taxonomy":"category","embeddable":true,"href":"http:\/\/argentinamunicipal.com.ar\/argentina\/wp-json\/wp\/v2\/categories?post=87052"},{"taxonomy":"post_tag","embeddable":true,"href":"http:\/\/argentinamunicipal.com.ar\/argentina\/wp-json\/wp\/v2\/tags?post=87052"}],"curies":[{"name":"wp","href":"https:\/\/api.w.org\/{rel}","templated":true}]}}