{"id":87058,"date":"2019-02-18T07:37:49","date_gmt":"2019-02-18T10:37:49","guid":{"rendered":"http:\/\/argentinamunicipal.com.ar\/argentina\/?p=87058"},"modified":"2019-02-18T07:37:49","modified_gmt":"2019-02-18T10:37:49","slug":"ushuaia-dejara-de-ser-la-ciudad-mas-austral-del-mundo","status":"publish","type":"post","link":"http:\/\/argentinamunicipal.com.ar\/argentina\/ushuaia-dejara-de-ser-la-ciudad-mas-austral-del-mundo\/","title":{"rendered":"Ushuaia dejar\u00e1 de ser la \u201cciudad m\u00e1s austral del mundo\u201d"},"content":{"rendered":"<p>Por una decisi\u00f3n administrativa de Chile, Puerto Williams\u00a0 cambiar\u00e1 su estatus de \u201cpueblo\u201d desde el pr\u00f3ximo marzo.<\/p>\n<p>Desde el pr\u00f3ximo mes, Ushuaia, capital de Tierra del Fuego, dejar\u00e1 de ostentar el t\u00edtulo de \u201cciudad m\u00e1s austral del mundo\u201d. Ese lugar ser\u00e1 ocupado por Puerto Williams, un poblado de la provincia Art\u00e1rtica chilena. El mismo ser\u00e1 elevado a rango de ciudad por el presidente Sebasti\u00e1n Pi\u00f1era.<\/p>\n<p>La decisi\u00f3n<br \/>\nLa decisi\u00f3n del Ejecutivo chileno fue informada por el Instituto Nacional de Estad\u00edstica de ese pa\u00eds. El mismo, en sinton\u00eda con la Convenci\u00f3n Europea de Ciudades de Praga de 1976, calificar\u00e1 como ciudad a centros urbanos que sean sede administrativa y tenga entre dos mil y diez mil habitantes.<\/p>\n<p>De acuerdo con el censo chileno de 2017, en la ciudad Puerto Williams hoy viven unos 2.063 habitantes.<\/p>\n<h6>Fuente: Sin Mordaza<\/h6>\n","protected":false},"excerpt":{"rendered":"<p>Por una decisi\u00f3n administrativa de Chile, Puerto Williams\u00a0 cambiar\u00e1 su estatus de \u201cpueblo\u201d desde el pr\u00f3ximo marzo.<\/p>\n","protected":false},"author":2,"featured_media":87059,"comment_status":"closed","ping_status":"closed","sticky":false,"template":"","format":"standard","meta":{"footnotes":""},"categories":[2],"tags":[34],"class_list":["post-87058","post","type-post","status-publish","format-standard","has-post-thumbnail","hentry","category-informe-municipal","tag-tierra-del-fuego"],"_links":{"self":[{"href":"http:\/\/argentinamunicipal.com.ar\/argentina\/wp-json\/wp\/v2\/posts\/87058","targetHints":{"allow":["GET"]}}],"collection":[{"href":"http:\/\/argentinamunicipal.com.ar\/argentina\/wp-json\/wp\/v2\/posts"}],"about":[{"href":"http:\/\/argentinamunicipal.com.ar\/argentina\/wp-json\/wp\/v2\/types\/post"}],"author":[{"embeddable":true,"href":"http:\/\/argentinamunicipal.com.ar\/argentina\/wp-json\/wp\/v2\/users\/2"}],"replies":[{"embeddable":true,"href":"http:\/\/argentinamunicipal.com.ar\/argentina\/wp-json\/wp\/v2\/comments?post=87058"}],"version-history":[{"count":0,"href":"http:\/\/argentinamunicipal.com.ar\/argentina\/wp-json\/wp\/v2\/posts\/87058\/revisions"}],"wp:featuredmedia":[{"embeddable":true,"href":"http:\/\/argentinamunicipal.com.ar\/argentina\/wp-json\/wp\/v2\/media\/87059"}],"wp:attachment":[{"href":"http:\/\/argentinamunicipal.com.ar\/argentina\/wp-json\/wp\/v2\/media?parent=87058"}],"wp:term":[{"taxonomy":"category","embeddable":true,"href":"http:\/\/argentinamunicipal.com.ar\/argentina\/wp-json\/wp\/v2\/categories?post=87058"},{"taxonomy":"post_tag","embeddable":true,"href":"http:\/\/argentinamunicipal.com.ar\/argentina\/wp-json\/wp\/v2\/tags?post=87058"}],"curies":[{"name":"wp","href":"https:\/\/api.w.org\/{rel}","templated":true}]}}