{"id":87064,"date":"2019-02-18T05:42:23","date_gmt":"2019-02-18T08:42:23","guid":{"rendered":"http:\/\/argentinamunicipal.com.ar\/argentina\/?p=87064"},"modified":"2019-02-18T07:46:22","modified_gmt":"2019-02-18T10:46:22","slug":"vidal-terceriza-el-pago-de-jubilaciones-y-auh","status":"publish","type":"post","link":"http:\/\/argentinamunicipal.com.ar\/argentina\/vidal-terceriza-el-pago-de-jubilaciones-y-auh\/","title":{"rendered":"Vidal terceriza el pago de jubilaciones y AUH"},"content":{"rendered":"<p>En medio del ajuste, el Banco Provincia se desprende de casi 20 mil jubilados y beneficiarios de asignaciones que son transferidos a bancos privados.<\/p>\n<p>Despu\u00e9s de un 2018 de fuerte ajuste en la provincia de Buenos Aires, el gobierno de Mar\u00eda Eugenia Vidal arranc\u00f3 el 2019 con\u00a0 una pol\u00e9mica medida que afecta a casi 20 mil AUH y jubilaciones. El Banco Provincia decidi\u00f3 que no tiene capacidad para pagar todos los haberes de los beneficiarios bonaerenses y fueron tercerizados en entidades privadas.<\/p>\n<p>En un documento interno de principios de febrero al que tuvo acceso Pol\u00edtica Argentina, ANSES anunci\u00f3 que el Banco Provincia (BAPRO) \u201csuper\u00f3 el cupo de personas al cual puede prestarle servicio\u201d y que los beneficiarios que cobraban en dicha banca p\u00fablica \u201cfueron derivados a otras entidades bancarias seg\u00fan su C\u00f3digo Postal\u201d.<\/p>\n<p>Adem\u00e1s, remarca que \u201cdebido a que en BA01 no hab\u00eda restricciones, los agentes pudieron cambiar nuevamente a los beneficiarios al Banco Provincia\u201d, sin embargo \u201cestos cambios fueron rechazados\u201d debido a la suspensi\u00f3n del sistema.<\/p>\n<p>Por todo esto piden que cuando los usuarios se quejen y busquen volver a cobrar en BAPRO se les comunique que \u201cno es posible volver al Banco Provincia y puede optar por quedarse en el banco asignado de oficio o realizar un cambio a una entidad bancaria que est\u00e9 habilitada\u201d.<\/p>\n<p>Esta maniobra genera dudas sobre el fondo de la cuesti\u00f3n. \u00bfPor qu\u00e9 el Banco Provincia se desprende de casi 20 mil personas a las que les paga los haberes y ANSES termina tercerizando en entidades privadas?, \u00bfes parte de un ajuste m\u00e1s grande dentro de la entidad p\u00fablica? Las respuestas las tiene la gobernadora.<\/p>\n<p>Al enterarse del cambio repentino, los usuarios se quejaron y qued\u00f3 plasmado en otro mail interno de ANSES: \u201cAlgunos de estos se comunicaron al 130 y volvieron a solicitar el cambio al mismo banco ya que no se encuestra el suspendido el BA01\u201d.<\/p>\n<p>El mail interno est\u00e1 firmado por Carolina Ver\u00f3nica Garc\u00eda, quien se desempe\u00f1a como Coordinadora del \u00c1rea Modelo de Atenci\u00f3n y Calidad de ANSES.<\/p>\n<p>En otro mail figura el listado de las sucursales del BAPRO que \u201credujeron y limitaron el cupo de beneficiarios\u201d. All\u00ed queda detallado que se trata de 14 \u201cbocas de origen\u201d que fueron derivadas a los bancos Macro, CFA, Supervielle, Santander, Piano y Comafi.<\/p>\n<p>Se detalla que en total 7500 beneficiarios previsionales y 11.400 de AUH sufrieron de forma repentina y obligada el traspaso a un banco privado, sin la opci\u00f3n de regresar al BAPRO.<\/p>\n<h6>Fuente: ADN<\/h6>\n","protected":false},"excerpt":{"rendered":"<p>En medio del ajuste, el Banco Provincia se desprende de casi 20 mil jubilados y beneficiarios de asignaciones que son transferidos a bancos privados.<\/p>\n","protected":false},"author":2,"featured_media":87065,"comment_status":"closed","ping_status":"closed","sticky":false,"template":"","format":"standard","meta":{"footnotes":""},"categories":[65],"tags":[12],"class_list":["post-87064","post","type-post","status-publish","format-standard","has-post-thumbnail","hentry","category-provincias","tag-buenos-aires"],"_links":{"self":[{"href":"http:\/\/argentinamunicipal.com.ar\/argentina\/wp-json\/wp\/v2\/posts\/87064","targetHints":{"allow":["GET"]}}],"collection":[{"href":"http:\/\/argentinamunicipal.com.ar\/argentina\/wp-json\/wp\/v2\/posts"}],"about":[{"href":"http:\/\/argentinamunicipal.com.ar\/argentina\/wp-json\/wp\/v2\/types\/post"}],"author":[{"embeddable":true,"href":"http:\/\/argentinamunicipal.com.ar\/argentina\/wp-json\/wp\/v2\/users\/2"}],"replies":[{"embeddable":true,"href":"http:\/\/argentinamunicipal.com.ar\/argentina\/wp-json\/wp\/v2\/comments?post=87064"}],"version-history":[{"count":0,"href":"http:\/\/argentinamunicipal.com.ar\/argentina\/wp-json\/wp\/v2\/posts\/87064\/revisions"}],"wp:featuredmedia":[{"embeddable":true,"href":"http:\/\/argentinamunicipal.com.ar\/argentina\/wp-json\/wp\/v2\/media\/87065"}],"wp:attachment":[{"href":"http:\/\/argentinamunicipal.com.ar\/argentina\/wp-json\/wp\/v2\/media?parent=87064"}],"wp:term":[{"taxonomy":"category","embeddable":true,"href":"http:\/\/argentinamunicipal.com.ar\/argentina\/wp-json\/wp\/v2\/categories?post=87064"},{"taxonomy":"post_tag","embeddable":true,"href":"http:\/\/argentinamunicipal.com.ar\/argentina\/wp-json\/wp\/v2\/tags?post=87064"}],"curies":[{"name":"wp","href":"https:\/\/api.w.org\/{rel}","templated":true}]}}