{"id":87075,"date":"2019-02-19T06:53:00","date_gmt":"2019-02-19T09:53:00","guid":{"rendered":"http:\/\/argentinamunicipal.com.ar\/argentina\/?p=87075"},"modified":"2019-02-19T06:53:00","modified_gmt":"2019-02-19T09:53:00","slug":"margarita-barrientos-macri-debe-cambiar-muchas-cosas-no-quiero-seguir-abriendo-comedores","status":"publish","type":"post","link":"http:\/\/argentinamunicipal.com.ar\/argentina\/margarita-barrientos-macri-debe-cambiar-muchas-cosas-no-quiero-seguir-abriendo-comedores\/","title":{"rendered":"Margarita Barrientos: \u00abMacri debe cambiar muchas cosas, no quiero seguir abriendo comedores\u00bb"},"content":{"rendered":"<p>La fundadora del comedor Los Piletones se mostr\u00f3 molesta con el anuncio de la minstra Stanley acerca de que la pobreza continuar\u00e1 aumentando.<\/p>\n<p>La referente del macrismo porte\u00f1o y reconocida por su labor al frente del comedor Los Piletones, en Villa Soldati,\u00a0Margarita Barrientos, se mostr\u00f3\u00a0molesta por la evoluci\u00f3n de los \u00edndices de pobreza\u00a0y pidi\u00f3 cambios al gobierno nacional.<\/p>\n<p>\u201cLa ministra Carolina Stanley dijo que va a aumentar la pobreza, si ella lo dijo, ser\u00e1 as\u00ed, pero es lamentable, no quiero escuchar esas palabras, uno trabaja con las familias todos los d\u00edas y es triste escuchar esas cosas\u00bb, asegur\u00f3 en di\u00e1logo con el programa radial Punto de partida, que se emite por AM 770.<\/p>\n<p>\u00abNo quiero seguir abriendo comedores, quiero que la gente tenga trabajo, que se ganen el pan con trabajo, con dignidad\u00bb, manifest\u00f3 Barrientos.<\/p>\n<p>\u201cA\u00a0Mauricio Macri\u00a0lo quiero desde hace muchos a\u00f1os, desde antes de que fuera pol\u00edtico, pero la situaci\u00f3n est\u00e1 muy dif\u00edcil y el presidente creo que\u00a0tiene que cambiar muchas cosas\u00bb, agreg\u00f3.<\/p>\n<p>\u00abNo estoy a la altura de un ministro de econom\u00eda, es dif\u00edcil desarrollar las ideas. Yo le planteo siempre que tiene que abrir escuelas de oficio, hacer trabajar a la gente, abrir puestos de trabajo,\u00a0no quiero que existan los comedores\u201d, reiter\u00f3 la dirigente.<\/p>\n<p>\u201cUno nota todos los d\u00edas la crisis actual, es algo muy preocupante para todos y para m\u00ed\u00a0porque hay que alimentar a la gente,\u00a0me quita el sue\u00f1o, a veces no alcanza lo que la gente nos pide, falta comida. Hay much\u00edsima desocupaci\u00f3n\u00bb, expres\u00f3.<\/p>\n<p>Por \u00faltimo,\u00a0reafirm\u00f3 su postura contraria a la baja de la edad de imputbilidad\u00a0que impulsa el oficialismo: \u00abSi mandamos a un chico de 15 a\u00f1os a la c\u00e1rcel, va a volver a delinquir porque no tiene un futuro preparado y aparte nadie le va a dar un trabajo por haber estado preso\u00bb.<\/p>\n<h6>Fuente: InfoNews<\/h6>\n","protected":false},"excerpt":{"rendered":"<p>La fundadora del comedor Los Piletones se mostr\u00f3 molesta con el anuncio de la minstra Stanley acerca de que la pobreza continuar\u00e1 aumentando.<\/p>\n","protected":false},"author":2,"featured_media":87076,"comment_status":"closed","ping_status":"closed","sticky":false,"template":"","format":"standard","meta":{"footnotes":""},"categories":[8],"tags":[21],"class_list":["post-87075","post","type-post","status-publish","format-standard","has-post-thumbnail","hentry","category-informe-nacional","tag-argentina"],"_links":{"self":[{"href":"http:\/\/argentinamunicipal.com.ar\/argentina\/wp-json\/wp\/v2\/posts\/87075","targetHints":{"allow":["GET"]}}],"collection":[{"href":"http:\/\/argentinamunicipal.com.ar\/argentina\/wp-json\/wp\/v2\/posts"}],"about":[{"href":"http:\/\/argentinamunicipal.com.ar\/argentina\/wp-json\/wp\/v2\/types\/post"}],"author":[{"embeddable":true,"href":"http:\/\/argentinamunicipal.com.ar\/argentina\/wp-json\/wp\/v2\/users\/2"}],"replies":[{"embeddable":true,"href":"http:\/\/argentinamunicipal.com.ar\/argentina\/wp-json\/wp\/v2\/comments?post=87075"}],"version-history":[{"count":0,"href":"http:\/\/argentinamunicipal.com.ar\/argentina\/wp-json\/wp\/v2\/posts\/87075\/revisions"}],"wp:featuredmedia":[{"embeddable":true,"href":"http:\/\/argentinamunicipal.com.ar\/argentina\/wp-json\/wp\/v2\/media\/87076"}],"wp:attachment":[{"href":"http:\/\/argentinamunicipal.com.ar\/argentina\/wp-json\/wp\/v2\/media?parent=87075"}],"wp:term":[{"taxonomy":"category","embeddable":true,"href":"http:\/\/argentinamunicipal.com.ar\/argentina\/wp-json\/wp\/v2\/categories?post=87075"},{"taxonomy":"post_tag","embeddable":true,"href":"http:\/\/argentinamunicipal.com.ar\/argentina\/wp-json\/wp\/v2\/tags?post=87075"}],"curies":[{"name":"wp","href":"https:\/\/api.w.org\/{rel}","templated":true}]}}