{"id":87078,"date":"2019-02-19T06:56:51","date_gmt":"2019-02-19T09:56:51","guid":{"rendered":"http:\/\/argentinamunicipal.com.ar\/argentina\/?p=87078"},"modified":"2019-02-19T06:56:51","modified_gmt":"2019-02-19T09:56:51","slug":"el-verdurazo-llega-a-la-plaza-de-mayo","status":"publish","type":"post","link":"http:\/\/argentinamunicipal.com.ar\/argentina\/el-verdurazo-llega-a-la-plaza-de-mayo\/","title":{"rendered":"El Verdurazo llega a la Plaza de Mayo"},"content":{"rendered":"<p>La Uni\u00f3n de Trabajadores de la Tierra (UTT) respondi\u00f3 as\u00ed a la prohibici\u00f3n de protesta que busca imponerles Rodr\u00edguez Larreta. La fecha de la nueva movilizaci\u00f3n para reclamar pol\u00edticas de respaldo qued\u00f3 fijada para el 27 de febrero.<\/p>\n<p>Tras la represi\u00f3n, los productores de la Uni\u00f3n de Trabajadores de la Tierra (UTT) anunciaron que van a volver a la Ciudad de Buenos Aires con un Verdurazo, para repartir 20 mil kilos de hortalizas frescas en la Plaza de Mayo. La organizaci\u00f3n quiere interpelar de esta manera al jefe de gobierno porte\u00f1o, Horacio Rodr\u00edguez Larreta, que les prohibi\u00f3 entrar a la CABA, y poner de relieve, frente al discurso macrista, la necesidad de pol\u00edticas de respaldo a los quinteros, que generan el 60 por ciento de los alimentos frescos que se consumen en los hogares.<\/p>\n<p>\u201cEl viernes se expuso lo m\u00e1s crudo del modelo: hambre y represi\u00f3n\u201d, se\u00f1al\u00f3 Nahuel Levaggi, coordinador de la UTT. Una de las fotos del violento desalojo del Feriazo en Constituci\u00f3n sintetiz\u00f3 esta lectura: una jubilada, en medio del inusitado despliegue de la infanter\u00eda, se agacha para juntar las berenjenas desparramadas por el piso por el operativo. Los quinteros vieron la imagen \u2013viralizada en la redes\u2013, y est\u00e1n tratando de ubicar a la vecina. Quieren llevarle un bols\u00f3n de verduras y garantizarle que lo seguir\u00e1 recibiendo de por vida.<\/p>\n<p>Tambi\u00e9n devolvieron el golpe de la represi\u00f3n con una campa\u00f1a im\u00e1genes como disparador de una campa\u00f1a, \u201cLechuga vs palos\u201d y la pregunta \u201c\u00bfVos cu\u00e1l eleg\u00eds?\u201d para convocar a los ciudadanos a expresar su apoyo acerc\u00e1ndose al Verdurazo, para el que se qued\u00f3 fijada la fecha del pr\u00f3ximo mi\u00e9rcoles 27 de febrero.<\/p>\n<p>Un amplio conjunto de organizaciones sociales ya confirm\u00f3 su apoyo a la protesta, que la campa\u00f1a \u201cLechuga vs palos\u201d busca ampliar, trasvas\u00e1ndolas.<\/p>\n<p>La Uni\u00f3n de Trabajadores de la Tierra naci\u00f3 en la regi\u00f3n de quintas que bordea la ciudad de La Plata, hace diez a\u00f1os. Pero viene de ra\u00edces m\u00e1s antiguas, ya que sus primeros integrantes fueron j\u00f3venes formados en la militancia barrial durante la crisis que antecedi\u00f3 al 2001.<\/p>\n<p>La mayor\u00eda de los integrantes de la UTT son inmigrantes o primera generaci\u00f3n de argentinos, hijos de padres bolivianos \u2013como en otro siglo los quinteros eran italianos o hijos de italianos\u2013.<\/p>\n<p>La UTT se piensa a s\u00ed misma como una organizaci\u00f3n sectorial y gremial: el equivalente a la Federaci\u00f3n Agraria, pero de un sector de productores sin tierra. El 90 por ciento de sus quinteros alquilan las hect\u00e1reas que trabajan. El acceso a la tierra, es as\u00ed su principal problema, por el que reclaman al Estado la creaci\u00f3n de una l\u00ednea de cr\u00e9ditos blandos que, a la manera del Procrear, les permitan comprarlas.<\/p>\n<p>Tambi\u00e9n vienen desarrollando el cultivo de verduras agroecol\u00f3gicas en gran extensi\u00f3n, como una de sus propuestas de fondos para el hacer posible la producci\u00f3n digna de alimentos frescos y sanos, a precios populares. Es decir que la organizaci\u00f3n tiene un claro posicionamiento pol\u00edtico. Las medidas macroecon\u00f3micas tomadas por la gesti\u00f3n de Cambiemos fueron duros golpes para sus integrantes, ya que todos insumos de la actividad tiene precios dolarizados (como las semillas y pl\u00e1sticos). La suba de las tarifas el\u00e9ctricas los afecta gravemente porque las quintas la usan para el riego. La desarticulaci\u00f3n de la Secretar\u00eda de Agricultura Familiar los dej\u00f3, finalmente, sin medidas de asistencia.<\/p>\n<p>Con los Verdurazos \u2013que consisten en la distribuci\u00f3n gratuita de sus productos\u2013 la UTT cre\u00f3 escenarios para difundir toda la situaci\u00f3n. Los Feriazos tambi\u00e9n tienen en parte este objetivo, aunque son en s\u00ed mismos espacios que los ayudan a las familias de productores sobrevivir, ya que son espacios de venta. La comercializaci\u00f3n directa, del productor al consumidor, abarata los precios, que de esta manera resultan populares.<\/p>\n<p>Durante 2018, con los Feriazos y Verdurazos, la UTT gan\u00f3 presencia p\u00fablica. Hicieron ferias en las plazas porte\u00f1as y de otras ciudades del pa\u00eds de manera peri\u00f3dica, durante todo el a\u00f1o, hasta diciembre, cuando la direcci\u00f3n de Espacios P\u00fablicos de la Ciudad de Buenos Aires \u00a0les cort\u00f3 los permisos, con la excusa de que las plazas se ensuciaban. Durante todo enero, los quinteros pidieron ser atendidos por el gobierno para destrabar la prohibici\u00f3n, pero no les dieron una audiencia. Por eso hab\u00edan organizado el Feriazo en Constituci\u00f3n, el viernes pasado, que termin\u00f3 en desalojo a feriantes y vecinos.<\/p>\n<h6>Fuente: P\u00e1gina 12<\/h6>\n","protected":false},"excerpt":{"rendered":"<p>La Uni\u00f3n de Trabajadores de la Tierra (UTT) respondi\u00f3 as\u00ed a la prohibici\u00f3n de protesta que busca imponerles Rodr\u00edguez Larreta. <\/p>\n","protected":false},"author":2,"featured_media":87079,"comment_status":"closed","ping_status":"closed","sticky":false,"template":"","format":"standard","meta":{"footnotes":""},"categories":[2],"tags":[12],"class_list":["post-87078","post","type-post","status-publish","format-standard","has-post-thumbnail","hentry","category-informe-municipal","tag-buenos-aires"],"_links":{"self":[{"href":"http:\/\/argentinamunicipal.com.ar\/argentina\/wp-json\/wp\/v2\/posts\/87078","targetHints":{"allow":["GET"]}}],"collection":[{"href":"http:\/\/argentinamunicipal.com.ar\/argentina\/wp-json\/wp\/v2\/posts"}],"about":[{"href":"http:\/\/argentinamunicipal.com.ar\/argentina\/wp-json\/wp\/v2\/types\/post"}],"author":[{"embeddable":true,"href":"http:\/\/argentinamunicipal.com.ar\/argentina\/wp-json\/wp\/v2\/users\/2"}],"replies":[{"embeddable":true,"href":"http:\/\/argentinamunicipal.com.ar\/argentina\/wp-json\/wp\/v2\/comments?post=87078"}],"version-history":[{"count":0,"href":"http:\/\/argentinamunicipal.com.ar\/argentina\/wp-json\/wp\/v2\/posts\/87078\/revisions"}],"wp:featuredmedia":[{"embeddable":true,"href":"http:\/\/argentinamunicipal.com.ar\/argentina\/wp-json\/wp\/v2\/media\/87079"}],"wp:attachment":[{"href":"http:\/\/argentinamunicipal.com.ar\/argentina\/wp-json\/wp\/v2\/media?parent=87078"}],"wp:term":[{"taxonomy":"category","embeddable":true,"href":"http:\/\/argentinamunicipal.com.ar\/argentina\/wp-json\/wp\/v2\/categories?post=87078"},{"taxonomy":"post_tag","embeddable":true,"href":"http:\/\/argentinamunicipal.com.ar\/argentina\/wp-json\/wp\/v2\/tags?post=87078"}],"curies":[{"name":"wp","href":"https:\/\/api.w.org\/{rel}","templated":true}]}}