{"id":87090,"date":"2019-02-19T07:15:00","date_gmt":"2019-02-19T10:15:00","guid":{"rendered":"http:\/\/argentinamunicipal.com.ar\/argentina\/?p=87090"},"modified":"2019-02-19T07:15:00","modified_gmt":"2019-02-19T10:15:00","slug":"santa-rosa-sumamos-a-todos","status":"publish","type":"post","link":"http:\/\/argentinamunicipal.com.ar\/argentina\/santa-rosa-sumamos-a-todos\/","title":{"rendered":"Santa Rosa: \u201cSumamos a todos\u201d"},"content":{"rendered":"<p>Protagonista de una batalla de la que muy pocos cre\u00edan que saldr\u00eda vencedor apenas meses atr\u00e1s, Luciano Di Napoli, el joven dirigente de La C\u00e1mpora que se alz\u00f3 con la victoria en la capital de la provincia de La Pampa en la interna del Frente Justicialista Pampeano el pasado domingo, todav\u00eda no perdi\u00f3 la sonrisa del rostro. Ahora deber\u00e1 intentar recuperar la intendencia de una ciudad de 130 mil habitantes que est\u00e1 en manos de Cambiemos desde 2015.<\/p>\n<p>\u2013Ustedes hicieron la campa\u00f1a interna bajo el sello de Unidad Ciudadana. En el acto de apertura y en el de cierre tuvieron un video con un saludo especial de Cristina Kirchner. En toda la campa\u00f1a ella apareci\u00f3 en fotos y afiches. \u00bfCu\u00e1nto cree que ha influido CFK en su victoria?<\/p>\n<p>\u2013La figura de Cristina fue clave, obviamente. Yo dije desde un principio que me hac\u00eda responsable en t\u00e9rminos personales del resultado, pero si ganaba la lista de Unidad Ciudadana, la que ganaba era ella. Y no s\u00f3lo en t\u00e9rminos electorales, sino en lo que significa el proyecto pol\u00edtico que ella encarna. Y el otro mensaje poderoso que surgi\u00f3 de las urnas el domingo es que en La Pampa perdi\u00f3 el proyecto entreguista, centralista y unitario que encarna el presidente Macri. El otro dato importante es la vitalidad que tiene el Frente Justicialista Pampeano y ah\u00ed est\u00e1 la habilidad del gobernador Carlos Verna que supo entender el momento pol\u00edtico que viv\u00eda el pa\u00eds y posibilit\u00f3 una alianza en donde est\u00e1n todos, desde el Frente Renovador a Nuevo Encuentro, el Partido Humanista, el Partido Comunista, el Frente Patria Grande y los movimientos sociales que se identifican con el proyecto nacional y popular. Esas fuerzas pol\u00edticas, salvo el Frente Renovador que present\u00f3 sus propios candidatos, fueron las que nos acompa\u00f1aron y permitieron el triunfo de Unidad Ciudadana en la interna.<\/p>\n<p>\u2013\u00bfSe enfrentaron dos modelos del peronismo, el que se identifica con el kirchnerismo y el otro, m\u00e1s tradicional, que fue apoyado por parte del aparato provincial?<\/p>\n<p>\u2013El gobernador Verna se comprometi\u00f3 a no participar de la interna y cumpli\u00f3 su palabra. Lo mismo hizo el candidato a gobernador Sergio Ziliotto y el candidato a vice Mariano Fern\u00e1ndez. Aunque es cierto una parte de la Plural, la l\u00ednea interna del gobernador Verna, jug\u00f3 a favor de la candidatura de Jorge Lezcano, que fue quien sali\u00f3 segundo. Y estaban en todo su derecho hacerlo. Y hoy ya nos juntamos para ponernos a trabajar para lograr el triunfo el 19 de mayo, porque tenemos que recuperar Santa Rosa para el campo nacional y popular. Y para eso hay que estar todos juntos. Cuando uno habla de unidad no habla de hacer listas \u00fanicas. Hicimos un frente y luego hicimos internas para resolver las candidaturas en algunas ciudades. Y ahora tenemos que estar todos juntos para enfrentar al macrismo.<\/p>\n<p>\u2013Es la primera vez desde 1983 que el peronismo hace un frente electoral y el kirchnerismo jug\u00f3 un rol muy importante en la articulaci\u00f3n de esa alianza provincial. \u00bfHubo una orden expl\u00edcita de Cristina Kirchner en ese sentido?<\/p>\n<p>\u2013Yo pertenezco al PJ, pero hace a\u00f1os que nuestro sector viene bregando para que se haga un frente electoral en la provincia. Eso lo pudimos lograr en 2017 con todos los sectores internos del PJ. Y a partir de esta elecci\u00f3n pudimos sumar a todos los otros partidos del campo nacional y popular. Y ahora se dio, en parte por la decisi\u00f3n pol\u00edtica de Verna, y tambi\u00e9n por la decisi\u00f3n de todos los dirigentes de los otros partidos que entendieron que hab\u00eda que dejar de lado los intereses personales pero sin bajar banderas y combatiendo todos juntos al proyecto macrista.<\/p>\n<p>\u2013Ahora deber\u00e1n enfrentar a Cambiemos, que gobierna la capital. Aunque da la sensaci\u00f3n de que desde la Casa Rosada no ayudaron a la gesti\u00f3n con recursos. \u00bfPor qu\u00e9 cree que el macrismo ha tratado de este modo a sus propios aliados?<\/p>\n<p>\u2013No s\u00f3lo no la han cuidado, sino que la han destratado absolutamente. Al municipio de Santa Rosa y a toda la provincia. La discriminaci\u00f3n a la que el gobierno de Macri somete a La Pampa es abismal, incre\u00edble. Para que nos demos una idea, este a\u00f1o no hay casi viviendas sociales en el presupuesto nacional, por primera vez desde 1983. \u00a1Enviaron 69 casas para toda la provincia, que tiene 79 pueblos! Y Santa Rosa no es ajena a ese destrato a pesar de tener un intendente de Cambiemos, que adem\u00e1s tiene una p\u00e9sima gesti\u00f3n.<\/p>\n<p>\u2013\u00bfLa derrota del PRO ayer tambi\u00e9n puede leerse en esa clave? Por ejemplo, el hecho de autorizarle a Mendoza obras h\u00eddricas en las cuencas de los escasos r\u00edos pampeanos, algo que es un tema muy sensible en la provincia. O el intento de sacar los beneficios de la \u201czona patag\u00f3nica\u201d para los jubilados.<\/p>\n<p>\u2013La derrota se la deben a la prepotencia del macrismo, a la forma que tiene el gobierno nacional de intentar someter a una provincia que consideran rebelde. Y ah\u00ed hay que reconocerle al gobernador Verna que ha sabido plantarse frente a esto. As\u00ed como todos los gobiernos peronistas que tuvo La Pampa supieron construir una provincia ordenada, donde funciona el Estado, donde est\u00e1n abiertas las paritarias con los estatales y los docentes, que el a\u00f1o pasado recibieron un aumento con cl\u00e1usula gatillo de m\u00e1s del 46 por ciento, donde los jubilados cobran de forma real el 82 por ciento m\u00f3vil. Y gracias todo esto nos podemos plantar en la dignidad de decirles que por ac\u00e1 no van a pasar. Y esto es lo que est\u00e1 en juego en las pr\u00f3ximas elecciones, porque hay que seguir d\u00e1ndole batalla a este modelo centralista, unitario, que pretende acabar con todo esto. Esto permiti\u00f3 por ejemplo que las viviendas sociales, una vez que se supo que el gobierno nacional nos discrimin\u00f3, el gobernador Verna anunci\u00f3 que las va a hacer \u00e9l con fondos propios. Lo mismo pas\u00f3 cuando se inundaron las rutas nacionales y Vialidad Nacional estuvo meses sin arreglarlas. Vino la provincia y lo hizo, a pesar de que no era su responsabilidad. Y esa es la diferencia fundamental entre un gobierno peronista y un gobierno antipopular, como de Macri.<\/p>\n<h6>Fuente: P\u00e1gina 12<\/h6>\n","protected":false},"excerpt":{"rendered":"<p>Protagonista de una batalla de la que muy pocos cre\u00edan que saldr\u00eda vencedor apenas meses atr\u00e1s, Luciano Di Napoli, el joven dirigente de La C\u00e1mpora que se alz\u00f3 con la victoria en la capital de la provincia de La Pampa <\/p>\n","protected":false},"author":2,"featured_media":87091,"comment_status":"closed","ping_status":"closed","sticky":false,"template":"","format":"standard","meta":{"footnotes":""},"categories":[4],"tags":[42],"class_list":["post-87090","post","type-post","status-publish","format-standard","has-post-thumbnail","hentry","category-informe-politico","tag-la-pampa"],"_links":{"self":[{"href":"http:\/\/argentinamunicipal.com.ar\/argentina\/wp-json\/wp\/v2\/posts\/87090","targetHints":{"allow":["GET"]}}],"collection":[{"href":"http:\/\/argentinamunicipal.com.ar\/argentina\/wp-json\/wp\/v2\/posts"}],"about":[{"href":"http:\/\/argentinamunicipal.com.ar\/argentina\/wp-json\/wp\/v2\/types\/post"}],"author":[{"embeddable":true,"href":"http:\/\/argentinamunicipal.com.ar\/argentina\/wp-json\/wp\/v2\/users\/2"}],"replies":[{"embeddable":true,"href":"http:\/\/argentinamunicipal.com.ar\/argentina\/wp-json\/wp\/v2\/comments?post=87090"}],"version-history":[{"count":0,"href":"http:\/\/argentinamunicipal.com.ar\/argentina\/wp-json\/wp\/v2\/posts\/87090\/revisions"}],"wp:featuredmedia":[{"embeddable":true,"href":"http:\/\/argentinamunicipal.com.ar\/argentina\/wp-json\/wp\/v2\/media\/87091"}],"wp:attachment":[{"href":"http:\/\/argentinamunicipal.com.ar\/argentina\/wp-json\/wp\/v2\/media?parent=87090"}],"wp:term":[{"taxonomy":"category","embeddable":true,"href":"http:\/\/argentinamunicipal.com.ar\/argentina\/wp-json\/wp\/v2\/categories?post=87090"},{"taxonomy":"post_tag","embeddable":true,"href":"http:\/\/argentinamunicipal.com.ar\/argentina\/wp-json\/wp\/v2\/tags?post=87090"}],"curies":[{"name":"wp","href":"https:\/\/api.w.org\/{rel}","templated":true}]}}