{"id":87093,"date":"2019-02-19T07:17:36","date_gmt":"2019-02-19T10:17:36","guid":{"rendered":"http:\/\/argentinamunicipal.com.ar\/argentina\/?p=87093"},"modified":"2019-02-19T07:17:36","modified_gmt":"2019-02-19T10:17:36","slug":"mestre-desafia-el-dedazo","status":"publish","type":"post","link":"http:\/\/argentinamunicipal.com.ar\/argentina\/mestre-desafia-el-dedazo\/","title":{"rendered":"Mestre desaf\u00eda el dedazo"},"content":{"rendered":"<p>Luego del triunfo del radicalismo sobre el PRO en las internas de La Pampa, ayer el intendente capitalino Ram\u00f3n Mestre anot\u00f3 su candidatura para competir en las internas del 17 de marzo contra la lista bendecida por la Casa Rosada.<\/p>\n<p>El \u201cmilagro\u201d no ocurri\u00f3. A pesar de algunas negociaciones contrarreloj que no prosperaron, Cambiemos tendr\u00e1 internas en C\u00f3rdoba. La UCR, encabezada por el intendente de la Ciudad de C\u00f3rdoba, Ram\u00f3n Mestre, no acept\u00f3 el acuerdo bendecido por la Casa Rosada y le disputar\u00e1 el 17 de marzo la candidatura a gobernador al binomio Mario Negri (UCR)-H\u00e9ctor Baldassi (PRO), con Luis Juez (FC) como candidato a intendente de La Docta que completa lo que se dio en llamar el \u201cGrupo Balcarce\u201d, en referencia al \u201cdedazo\u201d de la Casa Rosada. Mestre los desafiar\u00e1 acompa\u00f1ado por el intendente de Bell Ville, Carlos Briner, con una lista radical pura que aspira a aglutinar al grueso de los correligionarios cordobeses detr\u00e1s de su candidatura y que sobre el cierre le arrebat\u00f3 a la tr\u00edada de Balcarce otro aspirante de la UCR a quedarse con la capital provincial.<\/p>\n<p>El d\u00eda antes del cierre de listas, que venc\u00eda ayer a las 20 y se prorrog\u00f3 hasta las 22, la suerte estaba echada para quienes buscaban hasta \u00faltimo momento sellar un acuerdo de \u201cunidad\u201d de las fuerzas que integran la alianza del oficialismo nacional para pelear la gobernaci\u00f3n de C\u00f3rdoba. Mestre confirmaba su deseo de dar pelea con el anuncio de su compa\u00f1ero de f\u00f3rmula. Tras el encuentro del domingo con numerosos grupos internos de la UCR provincial, Mestre decidi\u00f3 presentar una lista radical pura para enfrentar a la f\u00f3rmula de Cambiemos concebida desde la Casa Rosada. Como lo hab\u00edan comunicado el viernes el jefe de Gabinete nacional, Marcos Pe\u00f1a, y el ministro de Interior, Rogelio Frigerio.<\/p>\n<p>\u201cCon Carlos Briner vamos a representar una alternativa confiable para gobernar, defender y para cambiar C\u00f3rdoba tras 20 a\u00f1os de peronismo\u201d, expres\u00f3 Mestre en las redes sociales con la vista puesta mas en la disputa con el peronismo provincial que en la disputa de Cambiemos, en le interna abierta no obligatoria del 17 de marzo. El triunfo de la UCR sobre el PRO en la interna pampeana, envalenton\u00f3 m\u00e1s a los radicales cordobeses.<\/p>\n<p>Las negociaciones que persist\u00edan ayer por la tarde, eran hacia el interior de cada espacio que disputar\u00e1 la interna. Mestre buscaba hacerles lugar a los correligionarios que a \u00faltimo momento bajaron sus intenciones de terciar en la interna, pero que reclamaban un lugar en el armado de las listas. Como Dante Rossi (de la alfonsinista Identidad Radical), quien declin\u00f3 su postulaci\u00f3n en la interna y sum\u00f3 su apoyo a Mestre. Rossi, encabezar\u00e1 la lista a legisladores provinciales. \u201cRossi es un radical de fuste que aportar\u00e1 la visi\u00f3n cr\u00edtica de muchas y muchos en Cambiemos, que hay que escuchar, canalizar y representar\u201d, lo endulz\u00f3 Mestre.<\/p>\n<p>Para Negri el panorama era mucho m\u00e1s complejo: el PRO, el juecismo y el socio menor de la alianza, la Coalici\u00f3n C\u00edvica, reclamaban lugares expectantes en la lista que renueva la totalidad de la Legislatura provincial, y que se integrar\u00e1n a trav\u00e9s del sistema D\u2019Hondt entre la listas que compitan. Para el actual presidente del interbloque de Cambiemos en la C\u00e1mara de Diputados de la Naci\u00f3n, la prioridad era no decepcionar en esa disputa a los radicales que lo acompa\u00f1an.<\/p>\n<p>Pero la resistencia que gener\u00f3 entre los radicales la designaci\u00f3n de Juez como candidato a intendente de la ciudad de C\u00f3rdoba en la lista de Cambiemos sellada en la Rosada, le jug\u00f3 una mala pasada a Negri. Rodrigo de Loredo, el otro radical anotado para la ciudad y que jugaba para la lista oficialista cambi\u00f3 de vereda a \u00faltimo momento. Desde el Gobierno nacional le sugirieron a Loredo que decline su candidatura, pero Mestre termin\u00f3 por sumarlo como candidato a intendente de la capital en la lista del radicalismo cordob\u00e9s y enfrentar\u00e1 al ex embajador macrista en Ecuador.<\/p>\n<h6>Fuente: P\u00e1gina 12<\/h6>\n","protected":false},"excerpt":{"rendered":"<p>Luego del triunfo del radicalismo sobre el PRO en las internas de La Pampa, ayer el intendente capitalino Ram\u00f3n Mestre anot\u00f3 su candidatura para competir en las internas del 17 de marzo contra la lista bendecida por la Casa Rosada.<\/p>\n","protected":false},"author":2,"featured_media":87094,"comment_status":"closed","ping_status":"closed","sticky":false,"template":"","format":"standard","meta":{"footnotes":""},"categories":[4],"tags":[3],"class_list":["post-87093","post","type-post","status-publish","format-standard","has-post-thumbnail","hentry","category-informe-politico","tag-cordoba"],"_links":{"self":[{"href":"http:\/\/argentinamunicipal.com.ar\/argentina\/wp-json\/wp\/v2\/posts\/87093","targetHints":{"allow":["GET"]}}],"collection":[{"href":"http:\/\/argentinamunicipal.com.ar\/argentina\/wp-json\/wp\/v2\/posts"}],"about":[{"href":"http:\/\/argentinamunicipal.com.ar\/argentina\/wp-json\/wp\/v2\/types\/post"}],"author":[{"embeddable":true,"href":"http:\/\/argentinamunicipal.com.ar\/argentina\/wp-json\/wp\/v2\/users\/2"}],"replies":[{"embeddable":true,"href":"http:\/\/argentinamunicipal.com.ar\/argentina\/wp-json\/wp\/v2\/comments?post=87093"}],"version-history":[{"count":0,"href":"http:\/\/argentinamunicipal.com.ar\/argentina\/wp-json\/wp\/v2\/posts\/87093\/revisions"}],"wp:featuredmedia":[{"embeddable":true,"href":"http:\/\/argentinamunicipal.com.ar\/argentina\/wp-json\/wp\/v2\/media\/87094"}],"wp:attachment":[{"href":"http:\/\/argentinamunicipal.com.ar\/argentina\/wp-json\/wp\/v2\/media?parent=87093"}],"wp:term":[{"taxonomy":"category","embeddable":true,"href":"http:\/\/argentinamunicipal.com.ar\/argentina\/wp-json\/wp\/v2\/categories?post=87093"},{"taxonomy":"post_tag","embeddable":true,"href":"http:\/\/argentinamunicipal.com.ar\/argentina\/wp-json\/wp\/v2\/tags?post=87093"}],"curies":[{"name":"wp","href":"https:\/\/api.w.org\/{rel}","templated":true}]}}