{"id":87099,"date":"2019-02-19T07:28:31","date_gmt":"2019-02-19T10:28:31","guid":{"rendered":"http:\/\/argentinamunicipal.com.ar\/argentina\/?p=87099"},"modified":"2019-02-19T07:28:31","modified_gmt":"2019-02-19T10:28:31","slug":"berisso-movimientos-sociales-marcharan-para-exigirle-medidas-urgentes-a-nedela-ante-la-pobreza-y-desocupacion","status":"publish","type":"post","link":"http:\/\/argentinamunicipal.com.ar\/argentina\/berisso-movimientos-sociales-marcharan-para-exigirle-medidas-urgentes-a-nedela-ante-la-pobreza-y-desocupacion\/","title":{"rendered":"Berisso: movimientos sociales marchar\u00e1n para exigirle medidas urgentes a Nedela ante la pobreza y desocupaci\u00f3n"},"content":{"rendered":"<p>Organizaciones piqueteras movilizar\u00e1n hoy por la ma\u00f1ana hacia la municipalidad para reclamarle al intendente de Cambiemos que \u201ccumpla con su palabra\u201d. El jefe comunal se hab\u00eda comprometido a dar respuestas ante la crisis, pero hasta el momento no brind\u00f3 soluciones.<br \/>\nEn diciembre de 2018, el intendente de Berisso, Jorge Nedela, se comprometi\u00f3 a dar respuestas y soluciones a los reclamos que realizaron los movimientos sociales en ese entonces ante el creciente nivel de pobreza y desocupaci\u00f3n. Sin embargo, luego de casi dos meses el jefe comunal de Cambiemos no brindo ni un atisbo de soluciones a la crisis econ\u00f3mica y social que atraviesa el distrito.<\/p>\n<p>Es que el\u00a0Polo Obrero, Barrios de Pie\/Libres del Sur, Izquierda Latinoamericana Socialista, Movimiento de los Pueblos y el Frente de Organizaciones en Lucha\u00a0marcharon por las calles de la ciudad hacia fin de a\u00f1o para exigirle respuestas urgentes al intendente de cara a las fiestas.<\/p>\n<p>All\u00ed le exigieron a Nedela alimentos para los comedores comunitarios, canastas navide\u00f1as y trabajo digno para quienes \u201cd\u00eda a d\u00eda ven recrudecer la pobreza y el hambre en los barrios\u201d.\u00a0En febrero, el reclamo sigue vigente ante la inacci\u00f3n de la gesti\u00f3n de Cambiemos.<\/p>\n<p>\u201cEl ataque a los trabajadores se hace sentir con fuerza como lo demostr\u00f3 el intento de cierre de Unidades Sanitarias derrotada por la movilizaci\u00f3n de los trabajadores, las organizaciones sociales le exigir\u00e1n al intendente Jorge Nedela que cumpla con lo prometido\u201d, se\u00f1alaron en un comunicado.<\/p>\n<p>Asimismo, las organizaciones sostienen enf\u00e1ticamente que\u00a0\u201cel intendente Nedela se niega a cumplir su palabra asumida en ese entonces. As\u00ed, el gobierno local que encarna las pol\u00edticas de ajuste implementadas tanto por el presidente, Mauricio Macri, como por la gobernadora, Mar\u00eda Eugenia Vidal, muestra indiferencia ante la profundizaci\u00f3n de la miseria en Berisso\u201d.<\/p>\n<p>El clima econ\u00f3mico y social en Berisso arde, y la preocupaci\u00f3n y descontento no cesan ante una inflaci\u00f3n que cerr\u00f3 en un 47,5 por ciento en 2018, y una p\u00e9rdida del poder adquisitivo de los trabajadores del 20 por ciento.<\/p>\n<h6>Fuente: InfoCielo<\/h6>\n","protected":false},"excerpt":{"rendered":"<p>Organizaciones piqueteras movilizar\u00e1n hoy por la ma\u00f1ana hacia la municipalidad para reclamarle al intendente de Cambiemos que \u201ccumpla con su palabra\u201d.<\/p>\n","protected":false},"author":2,"featured_media":87100,"comment_status":"closed","ping_status":"closed","sticky":false,"template":"","format":"standard","meta":{"footnotes":""},"categories":[2],"tags":[12],"class_list":["post-87099","post","type-post","status-publish","format-standard","has-post-thumbnail","hentry","category-informe-municipal","tag-buenos-aires"],"_links":{"self":[{"href":"http:\/\/argentinamunicipal.com.ar\/argentina\/wp-json\/wp\/v2\/posts\/87099","targetHints":{"allow":["GET"]}}],"collection":[{"href":"http:\/\/argentinamunicipal.com.ar\/argentina\/wp-json\/wp\/v2\/posts"}],"about":[{"href":"http:\/\/argentinamunicipal.com.ar\/argentina\/wp-json\/wp\/v2\/types\/post"}],"author":[{"embeddable":true,"href":"http:\/\/argentinamunicipal.com.ar\/argentina\/wp-json\/wp\/v2\/users\/2"}],"replies":[{"embeddable":true,"href":"http:\/\/argentinamunicipal.com.ar\/argentina\/wp-json\/wp\/v2\/comments?post=87099"}],"version-history":[{"count":0,"href":"http:\/\/argentinamunicipal.com.ar\/argentina\/wp-json\/wp\/v2\/posts\/87099\/revisions"}],"wp:featuredmedia":[{"embeddable":true,"href":"http:\/\/argentinamunicipal.com.ar\/argentina\/wp-json\/wp\/v2\/media\/87100"}],"wp:attachment":[{"href":"http:\/\/argentinamunicipal.com.ar\/argentina\/wp-json\/wp\/v2\/media?parent=87099"}],"wp:term":[{"taxonomy":"category","embeddable":true,"href":"http:\/\/argentinamunicipal.com.ar\/argentina\/wp-json\/wp\/v2\/categories?post=87099"},{"taxonomy":"post_tag","embeddable":true,"href":"http:\/\/argentinamunicipal.com.ar\/argentina\/wp-json\/wp\/v2\/tags?post=87099"}],"curies":[{"name":"wp","href":"https:\/\/api.w.org\/{rel}","templated":true}]}}