{"id":87109,"date":"2019-02-19T06:35:40","date_gmt":"2019-02-19T09:35:40","guid":{"rendered":"http:\/\/argentinamunicipal.com.ar\/argentina\/?p=87109"},"modified":"2019-02-19T07:40:47","modified_gmt":"2019-02-19T10:40:47","slug":"archienemigos-quienes-son-los-dos-intendentes-que-nunca-se-vieron-cara-a-cara-con-vidal","status":"publish","type":"post","link":"http:\/\/argentinamunicipal.com.ar\/argentina\/archienemigos-quienes-son-los-dos-intendentes-que-nunca-se-vieron-cara-a-cara-con-vidal\/","title":{"rendered":"Archienemigos: qui\u00e9nes son los dos intendentes que nunca se vieron cara a cara con Vidal"},"content":{"rendered":"<p>Con su llegada a Carlos Casares el viernes pasado, la Gobernadora recorri\u00f3 por segunda vez los 135 distritos bonaerenses. Pero no en todos estrech\u00f3 manos con sus intendentes, \u00bfqui\u00e9nes son los dos que faltan para completar el \u00e1lbum?<\/p>\n<p>\u201cNo solo ha sido una recorrida, sino un trabajo en conjunto con todos los intendentes de todos los colores pol\u00edticos, o casi todos, con muchas reuniones y obras en los 135 municipios, donde hemos dado la cara y hablado con los vecinos\u00bb, dijo la gobernadora,\u00a0Mar\u00eda Eugenia Vidal, en su discurso de\u00a0Carlos Casares, que comparti\u00f3 junto al intendente peronista,\u00a0Walter Torchio.<\/p>\n<p>Con gran entusiasmo, desde Gobernaci\u00f3n celebraron que\u00a0Vidal haya recorrido dos veces \u201ctoda\u201d la provincia de Buenos Aires, aunque no dejaron pasar el dato de que, por ahora, nunca se reuni\u00f3 con dos intendentes opositores.<\/p>\n<p>Se trata, como muchos habr\u00e1n pensado, de dos jefes comunales \u201cultra-K\u201d como\u00a0Mario Secco\u00a0de Ensenada y Pablo Zurro de Pehuaj\u00f3. Se sabe, que los dos jefes comunales tienen un estilo particular en su forma de comunicar. Son conocidos por sus agudas y airadas cr\u00edticas a la gesti\u00f3n provincial y tambi\u00e9n a la de\u00a0Mauricio Macri. \u201cNo tienen pelos en la lengua\u201d, es la descripci\u00f3n que dan desde el oficialismo y la oposici\u00f3n sobre estos dos alcaldes.<\/p>\n<p>\u201cNos estamos arreglando solos, Vidal no ayuda en nada, no nos manda ni un paquete de fideos para los que m\u00e1s necesitan\u201d, fue una de las \u00faltimas palabras que espet\u00f3\u00a0Secco\u00a0en torno a la Gobernadora.<\/p>\n<p>\u201cSi siguen Macri y Vidal, la gente va a pasar m\u00e1s hambre\u201d, lanz\u00f3, por su parte,\u00a0Zurro\u00a0en los \u00faltimos d\u00edas.<\/p>\n<p>La semana pasada, cuando Vidal visit\u00f3\u00a0Pehuaj\u00f3, los periodistas locales le consultaron si pudo contactarse con\u00a0Zurro, para coordinar una visita. La mandataria se\u00f1al\u00f3: \u201cMi equipo contact\u00f3 al intendente pero no hubo respuesta. Lamentablemente en estos tres a\u00f1os nunca han respondido los llamados de Provincia\u00bb.<\/p>\n<h6>Fuente: InfoCielo<\/h6>\n","protected":false},"excerpt":{"rendered":"<p>Con su llegada a Carlos Casares el viernes pasado, la Gobernadora recorri\u00f3 por segunda vez los 135 distritos bonaerenses. Pero no en todos estrech\u00f3 manos con sus intendentes<\/p>\n","protected":false},"author":2,"featured_media":87110,"comment_status":"closed","ping_status":"closed","sticky":false,"template":"","format":"standard","meta":{"footnotes":""},"categories":[4],"tags":[12],"class_list":["post-87109","post","type-post","status-publish","format-standard","has-post-thumbnail","hentry","category-informe-politico","tag-buenos-aires"],"_links":{"self":[{"href":"http:\/\/argentinamunicipal.com.ar\/argentina\/wp-json\/wp\/v2\/posts\/87109","targetHints":{"allow":["GET"]}}],"collection":[{"href":"http:\/\/argentinamunicipal.com.ar\/argentina\/wp-json\/wp\/v2\/posts"}],"about":[{"href":"http:\/\/argentinamunicipal.com.ar\/argentina\/wp-json\/wp\/v2\/types\/post"}],"author":[{"embeddable":true,"href":"http:\/\/argentinamunicipal.com.ar\/argentina\/wp-json\/wp\/v2\/users\/2"}],"replies":[{"embeddable":true,"href":"http:\/\/argentinamunicipal.com.ar\/argentina\/wp-json\/wp\/v2\/comments?post=87109"}],"version-history":[{"count":0,"href":"http:\/\/argentinamunicipal.com.ar\/argentina\/wp-json\/wp\/v2\/posts\/87109\/revisions"}],"wp:featuredmedia":[{"embeddable":true,"href":"http:\/\/argentinamunicipal.com.ar\/argentina\/wp-json\/wp\/v2\/media\/87110"}],"wp:attachment":[{"href":"http:\/\/argentinamunicipal.com.ar\/argentina\/wp-json\/wp\/v2\/media?parent=87109"}],"wp:term":[{"taxonomy":"category","embeddable":true,"href":"http:\/\/argentinamunicipal.com.ar\/argentina\/wp-json\/wp\/v2\/categories?post=87109"},{"taxonomy":"post_tag","embeddable":true,"href":"http:\/\/argentinamunicipal.com.ar\/argentina\/wp-json\/wp\/v2\/tags?post=87109"}],"curies":[{"name":"wp","href":"https:\/\/api.w.org\/{rel}","templated":true}]}}