{"id":87115,"date":"2019-02-19T05:54:35","date_gmt":"2019-02-19T08:54:35","guid":{"rendered":"http:\/\/argentinamunicipal.com.ar\/argentina\/?p=87115"},"modified":"2019-02-19T07:56:27","modified_gmt":"2019-02-19T10:56:27","slug":"el-80-de-los-madereros-no-espera-que-mejore-la-economia","status":"publish","type":"post","link":"http:\/\/argentinamunicipal.com.ar\/argentina\/el-80-de-los-madereros-no-espera-que-mejore-la-economia\/","title":{"rendered":"El 80% de los madereros no espera que mejore la econom\u00eda"},"content":{"rendered":"<p>En el sector hablan de una ca\u00edda sin precedentes de ventas y producci\u00f3n.El 2018 cerr\u00f3 con 11,5% menos de ventas y la producci\u00f3n de muebles se contrajo un 37,5%.<\/p>\n<p>El Observatorio de la Federaci\u00f3n Argentina de la Industria Maderera y Afines (Faima) puso en evidencia la fuerte ca\u00edda de actividad que tuvo el sector maderero en los \u00faltimos meses.<\/p>\n<p>La producci\u00f3n de madera y muebles se contrajo un 8,9% en 2018. La industria del mueble es el segmento m\u00e1s afectado, mostrando una baja del 11,5% en su nivel de producci\u00f3n, mientras que la producci\u00f3n de madera cay\u00f3 1,3%.<\/p>\n<p>La ca\u00edda del consumo es el principal factor que explica esta din\u00e1mica. El ritmo de deterioro en los \u00faltimos meses del a\u00f1o no tiene precedentes. La industria mueblera se contrajo 37,5% interanual en diciembre, mientras que la de madera y sus manufacturas 16,7%.<\/p>\n<p>Seg\u00fan estimaciones de Faima, el nivel de producci\u00f3n con que el sector cerr\u00f3 2018 es un 12% inferior al del 2015. Los datos se desprenden en base al IPI-<\/p>\n<p>Indec y a relevamientos propios.<\/p>\n<p>Estos indicadores se verifican en la opini\u00f3n de las empresas. Los datos definitivos de la encuesta anual del Observatorio Faima muestran que el 74% de las empresas se\u00f1ala que cay\u00f3 su producci\u00f3n en 2018. El 72% manifiesta que sus ventas cayeron y el 44% espera que la situaci\u00f3n empeore en 2019.<\/p>\n<p>El presidente del Centro de Obrajeros del Norte, Miguel Loutayf, se mostr\u00f3 muy pesimista con el futuro del sector y dijo: \u00abNosotros somos una de las 28 c\u00e1maras que integran Faima y las cifras que dio a conocer son muy preocupantes.<\/p>\n<p>Otro dato negativo que arroj\u00f3 el relevamiento es que, a diferencia de la recesi\u00f3n de 2016, el actual ciclo contractivo est\u00e1 teniendo un impacto notorio en el empleo, dado que el 30% de las empresas encuestadas se\u00f1al\u00f3 que disminuy\u00f3 su dotaci\u00f3n de personal. Este dato es llamativo dado el car\u00e1cter de mano de obra intensiva y de personal calificado dif\u00edcil de reemplazar que tiene el sector, dato que se correlaciona con un bajo uso de la capacidad instalada.<\/p>\n<p>\u00abNecesitamos pol\u00edticas de estado, necesitamos medidas para atravesar la crisis. Medidas recientes como el incremento de la tasa de inter\u00e9s en las tasas de mora de AFIP solo ponen m\u00e1s presi\u00f3n a sectores exigidos al m\u00e1ximo y que operan por debajo de un umbral m\u00ednimo de rentabilidad\u00bb, agreg\u00f3 el presidente del Centro de Obrajeros de Or\u00e1n.<\/p>\n<p>Causas e incidencias<\/p>\n<p>La ca\u00edda de las ventas en el mercado local, sumado a los aumentos de costos asociados a tarifas de servicios, tasas de inter\u00e9s en niveles r\u00e9cord y algunos insumos dolarizados, condicionan la rentabilidad del sector. En este marco, las pymes se ven obligadas a liquidar stocks por debajo de umbrales m\u00ednimos de rentabilidad para cubrir huecos financieros de corto plazo, lo cual se vuelve un c\u00edrculo vicioso que redunda en menor uso de su capacidad instalada, suspensiones y despidos.<\/p>\n<p>En este escenario tan grave para toda la industria manufacturera, es necesario que se instrumenten medidas que ayuden a las pymes a atravesar la crisis, en transici\u00f3n hacia un escenario de recuperaci\u00f3n.<\/p>\n<p>\u00abNuestra c\u00e1mara m\u00e1s que protestas hace propuestas, por eso seguimos apostando a la capacitaci\u00f3n, porque queremos un norte grande, insistiendo con las casas canadienses y el vivero municipal\u00bb, remarc\u00f3 Loutaif.<\/p>\n<p>Faima participa de tres mesas sectoriales con autoridades del Gobierno nacional, siendo la principal la Mesa de Competitividad Foresto Industrial.<\/p>\n<h6>Fuente: El Tribuno<\/h6>\n","protected":false},"excerpt":{"rendered":"<p>En el sector hablan de una ca\u00edda sin precedentes de ventas y producci\u00f3n.El 2018 cerr\u00f3 con 11,5% menos de ventas y la producci\u00f3n de muebles se contrajo un 37,5%.<\/p>\n","protected":false},"author":2,"featured_media":87116,"comment_status":"closed","ping_status":"closed","sticky":false,"template":"","format":"standard","meta":{"footnotes":""},"categories":[8],"tags":[21],"class_list":["post-87115","post","type-post","status-publish","format-standard","has-post-thumbnail","hentry","category-informe-nacional","tag-argentina"],"_links":{"self":[{"href":"http:\/\/argentinamunicipal.com.ar\/argentina\/wp-json\/wp\/v2\/posts\/87115","targetHints":{"allow":["GET"]}}],"collection":[{"href":"http:\/\/argentinamunicipal.com.ar\/argentina\/wp-json\/wp\/v2\/posts"}],"about":[{"href":"http:\/\/argentinamunicipal.com.ar\/argentina\/wp-json\/wp\/v2\/types\/post"}],"author":[{"embeddable":true,"href":"http:\/\/argentinamunicipal.com.ar\/argentina\/wp-json\/wp\/v2\/users\/2"}],"replies":[{"embeddable":true,"href":"http:\/\/argentinamunicipal.com.ar\/argentina\/wp-json\/wp\/v2\/comments?post=87115"}],"version-history":[{"count":0,"href":"http:\/\/argentinamunicipal.com.ar\/argentina\/wp-json\/wp\/v2\/posts\/87115\/revisions"}],"wp:featuredmedia":[{"embeddable":true,"href":"http:\/\/argentinamunicipal.com.ar\/argentina\/wp-json\/wp\/v2\/media\/87116"}],"wp:attachment":[{"href":"http:\/\/argentinamunicipal.com.ar\/argentina\/wp-json\/wp\/v2\/media?parent=87115"}],"wp:term":[{"taxonomy":"category","embeddable":true,"href":"http:\/\/argentinamunicipal.com.ar\/argentina\/wp-json\/wp\/v2\/categories?post=87115"},{"taxonomy":"post_tag","embeddable":true,"href":"http:\/\/argentinamunicipal.com.ar\/argentina\/wp-json\/wp\/v2\/tags?post=87115"}],"curies":[{"name":"wp","href":"https:\/\/api.w.org\/{rel}","templated":true}]}}