{"id":87124,"date":"2019-02-19T06:08:22","date_gmt":"2019-02-19T09:08:22","guid":{"rendered":"http:\/\/argentinamunicipal.com.ar\/argentina\/?p=87124"},"modified":"2019-02-19T08:12:18","modified_gmt":"2019-02-19T11:12:18","slug":"asumieron-las-nuevas-autoridades-del-sindicato-de-obreros-y-empleados-municipales-de-posadas","status":"publish","type":"post","link":"http:\/\/argentinamunicipal.com.ar\/argentina\/asumieron-las-nuevas-autoridades-del-sindicato-de-obreros-y-empleados-municipales-de-posadas\/","title":{"rendered":"Asumieron las nuevas autoridades del Sindicato de Obreros y Empleados Municipales de Posadas"},"content":{"rendered":"<p>Luego de ganar las elecciones en agosto del a\u00f1o pasado con m\u00e1s del 70 % de los votos, asumi\u00f3 oficialmente la lista blanca integrada por el actual secretario General Daniel Porto quien estar\u00e1 al frente del sindicato hasta el 2023. El acto se realiz\u00f3 en el club Atl\u00e9tico Posadas con una gran participaci\u00f3n de empleados municipales. \u201cLa meta es seguir con la lucha por el bienestar de todos los trabajadores\u201d, dijo el secretario reelecto.<\/p>\n<p>Esta ma\u00f1ana se realiz\u00f3 el acto de asunci\u00f3n de las nuevas autoridades del Sindicato de Obreros y Empleados Municipales de Posadas (Soemp). La lista blanca, con Daniel Porto a la cabeza, es la actual conducci\u00f3n y en agosto del a\u00f1o pasado hab\u00eda logrado la reelecci\u00f3n con m\u00e1s del 70 % de los votos de un padr\u00f3n de casi 3000 empleados.<\/p>\n<p>De acto participaron los integrantes de la comisi\u00f3n, los delegados y diversos sectores de empelados municipales y agrupaciones. Tambi\u00e9n dirigentes sindicales de otras provincias como Corrientes y de la Confederaci\u00f3n de Trabajadores Municipales a nivel nacional.<\/p>\n<p>Porto, que va por su segundo mandato hasta el 2013 como secretario General, destac\u00f3 el compromiso y la uni\u00f3n de los trabajadores para conseguir logros. Entre los que mencion\u00f3 a m\u00e1s de 1500 empleados que han pasado de tener contratos temporales a estar en relaci\u00f3n de dependencias y otros tantos que han conseguido la planta permanente.<\/p>\n<p>Adem\u00e1s pidi\u00f3 en su discurso que los trabajadores se puedan mantener unidos y m\u00e1s all\u00e1 de las listas que se presentaron, que a \u00e9l le toca ser hoy secretario general, que entre todos \u00a0sean \u201cuno\u201d para que los trabajadores siguen mejorando cada d\u00eda un poco m\u00e1s en sus condiciones laborales.<\/p>\n<h6>Fuente: Misiones ONline<\/h6>\n","protected":false},"excerpt":{"rendered":"<p>Luego de ganar las elecciones en agosto del a\u00f1o pasado con m\u00e1s del 70 % de los votos, asumi\u00f3 oficialmente la lista blanca integrada por el actual secretario General Daniel Porto quien estar\u00e1 al frente del sindicato hasta el 2023<\/p>\n","protected":false},"author":2,"featured_media":87125,"comment_status":"closed","ping_status":"closed","sticky":false,"template":"","format":"standard","meta":{"footnotes":""},"categories":[7],"tags":[27],"class_list":["post-87124","post","type-post","status-publish","format-standard","has-post-thumbnail","hentry","category-informe-sindical","tag-misiones"],"_links":{"self":[{"href":"http:\/\/argentinamunicipal.com.ar\/argentina\/wp-json\/wp\/v2\/posts\/87124","targetHints":{"allow":["GET"]}}],"collection":[{"href":"http:\/\/argentinamunicipal.com.ar\/argentina\/wp-json\/wp\/v2\/posts"}],"about":[{"href":"http:\/\/argentinamunicipal.com.ar\/argentina\/wp-json\/wp\/v2\/types\/post"}],"author":[{"embeddable":true,"href":"http:\/\/argentinamunicipal.com.ar\/argentina\/wp-json\/wp\/v2\/users\/2"}],"replies":[{"embeddable":true,"href":"http:\/\/argentinamunicipal.com.ar\/argentina\/wp-json\/wp\/v2\/comments?post=87124"}],"version-history":[{"count":0,"href":"http:\/\/argentinamunicipal.com.ar\/argentina\/wp-json\/wp\/v2\/posts\/87124\/revisions"}],"wp:featuredmedia":[{"embeddable":true,"href":"http:\/\/argentinamunicipal.com.ar\/argentina\/wp-json\/wp\/v2\/media\/87125"}],"wp:attachment":[{"href":"http:\/\/argentinamunicipal.com.ar\/argentina\/wp-json\/wp\/v2\/media?parent=87124"}],"wp:term":[{"taxonomy":"category","embeddable":true,"href":"http:\/\/argentinamunicipal.com.ar\/argentina\/wp-json\/wp\/v2\/categories?post=87124"},{"taxonomy":"post_tag","embeddable":true,"href":"http:\/\/argentinamunicipal.com.ar\/argentina\/wp-json\/wp\/v2\/tags?post=87124"}],"curies":[{"name":"wp","href":"https:\/\/api.w.org\/{rel}","templated":true}]}}